{"id":2329,"date":"2018-03-12T20:44:42","date_gmt":"2018-03-12T20:44:42","guid":{"rendered":"https:\/\/www.vyrobcikabelu.cz\/?p=2329"},"modified":"2018-12-11T12:29:18","modified_gmt":"2018-12-11T12:29:18","slug":"avk-se-chysta-prestizni-veletrh-amper-2018","status":"publish","type":"post","link":"https:\/\/www.vyrobcikabelu.cz\/sk\/avk-se-chysta-prestizni-veletrh-amper-2018\/","title":{"rendered":"AVK se chyst\u00e1 na presti\u017en\u00ed veletrh Amp\u00e9r 2018"},"content":{"rendered":"<p><strong>P\u0159esto\u017ee zimn\u00ed obdob\u00ed o sob\u011b d\u00e1v\u00e1 st\u00e1le d\u016frazn\u011b v\u011bd\u011bt a n\u00edzk\u00e9 teploty navozuj\u00ed atmosf\u00e9ru podobnou zimn\u00edmu sp\u00e1nku, cht\u011bl bych v\u00e1s ujistit, \u017ee tato p\u0159edstava nen\u00ed ani v nejmen\u0161\u00edm podobn\u00e1 tomu, co se odehr\u00e1v\u00e1 v kabel\u00e1\u0159sk\u00e9m pr\u016fmyslu v \u010cesku a na Slovensku. D\u016fkazem toho je odborn\u00edky napln\u011bn\u00fd veletrh Amp\u00e9r, kter\u00fd se na brn\u011bnsk\u00e9m v\u00fdstavi\u0161ti kon\u00e1 20.\u201323.3.2018.<\/strong><\/p>\n<p>V\u0161ichni v\u00fdrobci kabel\u016f a vodi\u010d\u016f od po\u010d\u00e1tku roku 2018 v nejvy\u0161\u0161\u00ed intenzivn\u011b vyr\u00e1b\u00ed a distribuuj\u00ed v\u00fdrobky ke sv\u00fdm odb\u011bratel\u016fm, aby byly v\u017edy p\u0159ipraveny k instalaci a pou\u017eit\u00ed u koncov\u00fdch u\u017eivatel\u016f. Neust\u00e1le se vyv\u00edj\u00ed nov\u00e9 v\u00fdrobky a investuj\u00ed nemal\u00e9 finan\u010dn\u00ed prost\u0159edky do technologi\u00ed, kter\u00e9 zaru\u010duj\u00ed efektivn\u00ed v\u00fdrobu a odpov\u00eddaj\u00edc\u00ed kvalitu v\u00fdrobk\u016f. \u010clensk\u00e9 organizace Asociace v\u00fdrobc\u016f kabel\u016f a vodi\u010d\u016f \u010cR a SR (AVK) pat\u0159\u00ed v t\u00e9to \u010dinnosti k nejaktivn\u011bj\u0161\u00edm a maj\u00ed v\u017edy za c\u00edl sv\u00fdm odb\u011bratel\u016fm a koncov\u00fdm z\u00e1kazn\u00edk\u016fm nab\u00edzet spolehlivost, flexibilitu a otev\u0159enost ve vz\u00e1jemn\u00fdch jedn\u00e1n\u00edch. \u00a0<\/p>\n<h2><strong>Na\u0159\u00edzen\u00ed CPR na Amp\u00e9ru<\/strong><\/h2>\n<p>V\u00fdznamnou ud\u00e1lost\u00ed, kter\u00e1 v\u00fdrazn\u011b ovliv\u0148uje trh s kabely a vodi\u010di hlavn\u011b v oboru stavebnictv\u00ed, je vstup platnosti harmonizovan\u00e9 normy EN 50575. Ta se t\u00fdk\u00e1 kabel\u016f a vodi\u010d\u016f ve vztahu k po\u017eadavk\u016fm reakce na ohe\u0148. To znamen\u00e1, \u017ee ka\u017ed\u00fd, kdo na trh uv\u00e1d\u00ed nov\u00fd kabel, ho mus\u00ed zkou\u0161et, klasifikovat a ozna\u010dit podle jednotn\u00fdch pravidel EU. Sou\u010d\u00e1st\u00ed t\u00e9to normy je i ov\u011b\u0159ov\u00e1n\u00ed kvality kabel\u016f. P\u0159esto\u017ee je toto na\u0159\u00edzen\u00ed tato norma platn\u00e1 od 1. 7. 2017, vyskytuje se mnoho dotaz\u016f a nedorozum\u011bn\u00ed, kter\u00e9 se v\u00e1m objasn\u00edme tak\u00e9 osobn\u00ed formou.\u00a0<\/p>\n<h2><strong>AVK bude p\u0159edn\u00e1\u0161et ve \u010dtvrtek 22. 3.<\/strong><\/h2>\n<p>Zveme v\u00e1s t\u00edmto na p\u0159edn\u00e1\u0161ku, kterou po\u0159\u00e1d\u00e1 AVK v r\u00e1mci presti\u017en\u00ed v\u00fdstavy Amp\u00e9r 2018 dne 22. 3. 2018 od 10:00 do 11:00 v Pavilonu P, s\u00e1l P3. P\u0159edn\u00e1\u0161ej\u00edc\u00edm bude Ing. Peter Homola, expert Centra technick\u00e9 normalizace AVK a zku\u0161en\u00fd pracovn\u00edk firmy Elkond HHK, a.s.\u00a0<\/p>\n","protected":false},"excerpt":{"rendered":"<p>P\u0159esto\u017ee zimn\u00ed obdob\u00ed o sob\u011b d\u00e1v\u00e1 st\u00e1le d\u016frazn\u011b v\u011bd\u011bt a n\u00edzk\u00e9 teploty navozuj\u00ed atmosf\u00e9ru podobnou zimn\u00edmu sp\u00e1nku, cht\u011bl bych v\u00e1s ujistit, \u017ee tato p\u0159edstava nen\u00ed ani v nejmen\u0161\u00edm podobn\u00e1 tomu, co se odehr\u00e1v\u00e1 v kabel\u00e1\u0159sk\u00e9m pr\u016fmyslu v \u010cesku a na &hellip; <a href=\"https:\/\/www.vyrobcikabelu.cz\/sk\/avk-se-chysta-prestizni-veletrh-amper-2018\/\">Pokra\u010dova\u0165<\/a><\/p>\n","protected":false},"author":9,"featured_media":2316,"comment_status":"open","ping_status":"open","sticky":false,"template":"","format":"standard","meta":{"footnotes":""},"categories":[22,23],"tags":[],"acf":[],"yoast_head":"<!-- This site is optimized with the Yoast SEO plugin v21.8 - https:\/\/yoast.com\/wordpress\/plugins\/seo\/ -->\n<title>AVK se chyst\u00e1 na presti\u017en\u00ed veletrh Amp\u00e9r 2018 - AVK<\/title>\n<meta name=\"robots\" content=\"index, follow, max-snippet:-1, max-image-preview:large, max-video-preview:-1\" \/>\n<link rel=\"canonical\" href=\"https:\/\/www.vyrobcikabelu.cz\/sk\/avk-se-chysta-prestizni-veletrh-amper-2018\/\" \/>\n<meta property=\"og:locale\" content=\"sk_SK\" \/>\n<meta property=\"og:type\" content=\"article\" \/>\n<meta property=\"og:title\" content=\"AVK se chyst\u00e1 na presti\u017en\u00ed veletrh Amp\u00e9r 2018 - AVK\" \/>\n<meta property=\"og:description\" content=\"P\u0159esto\u017ee zimn\u00ed obdob\u00ed o sob\u011b d\u00e1v\u00e1 st\u00e1le d\u016frazn\u011b v\u011bd\u011bt a n\u00edzk\u00e9 teploty navozuj\u00ed atmosf\u00e9ru podobnou zimn\u00edmu sp\u00e1nku, cht\u011bl bych v\u00e1s ujistit, \u017ee tato p\u0159edstava nen\u00ed ani v nejmen\u0161\u00edm podobn\u00e1 tomu, co se odehr\u00e1v\u00e1 v kabel\u00e1\u0159sk\u00e9m pr\u016fmyslu v \u010cesku a na &hellip; Pokra\u010dova\u0165\" \/>\n<meta property=\"og:url\" content=\"https:\/\/www.vyrobcikabelu.cz\/sk\/avk-se-chysta-prestizni-veletrh-amper-2018\/\" \/>\n<meta property=\"og:site_name\" content=\"AVK\" \/>\n<meta property=\"article:published_time\" content=\"2018-03-12T20:44:42+00:00\" \/>\n<meta property=\"article:modified_time\" content=\"2018-12-11T12:29:18+00:00\" \/>\n<meta property=\"og:image\" content=\"https:\/\/www.vyrobcikabelu.cz\/wp-content\/uploads\/2018\/03\/veletrh-1.jpg\" \/>\n\t<meta property=\"og:image:width\" content=\"800\" \/>\n\t<meta property=\"og:image:height\" content=\"533\" \/>\n\t<meta property=\"og:image:type\" content=\"image\/jpeg\" \/>\n<meta name=\"author\" content=\"Peter Homola\" \/>\n<meta name=\"twitter:card\" content=\"summary_large_image\" \/>\n<meta name=\"twitter:label1\" content=\"Autor\" \/>\n\t<meta name=\"twitter:data1\" content=\"Peter Homola\" \/>\n\t<meta name=\"twitter:label2\" content=\"Predpokladan\u00fd \u010das \u010d\u00edtania\" \/>\n\t<meta name=\"twitter:data2\" content=\"2 min\u00faty\" \/>\n<script type=\"application\/ld+json\" class=\"yoast-schema-graph\">{\"@context\":\"https:\/\/schema.org\",\"@graph\":[{\"@type\":\"WebPage\",\"@id\":\"https:\/\/www.vyrobcikabelu.cz\/sk\/avk-se-chysta-prestizni-veletrh-amper-2018\/\",\"url\":\"https:\/\/www.vyrobcikabelu.cz\/sk\/avk-se-chysta-prestizni-veletrh-amper-2018\/\",\"name\":\"AVK se chyst\u00e1 na presti\u017en\u00ed veletrh Amp\u00e9r 2018 - AVK\",\"isPartOf\":{\"@id\":\"https:\/\/www.vyrobcikabelu.cz\/sk\/#website\"},\"datePublished\":\"2018-03-12T20:44:42+00:00\",\"dateModified\":\"2018-12-11T12:29:18+00:00\",\"author\":{\"@id\":\"https:\/\/www.vyrobcikabelu.cz\/sk\/#\/schema\/person\/6a209d959bf6e1d0742e2afdc1a068fe\"},\"breadcrumb\":{\"@id\":\"https:\/\/www.vyrobcikabelu.cz\/sk\/avk-se-chysta-prestizni-veletrh-amper-2018\/#breadcrumb\"},\"inLanguage\":\"sk-SK\",\"potentialAction\":[{\"@type\":\"ReadAction\",\"target\":[\"https:\/\/www.vyrobcikabelu.cz\/sk\/avk-se-chysta-prestizni-veletrh-amper-2018\/\"]}]},{\"@type\":\"BreadcrumbList\",\"@id\":\"https:\/\/www.vyrobcikabelu.cz\/sk\/avk-se-chysta-prestizni-veletrh-amper-2018\/#breadcrumb\",\"itemListElement\":[{\"@type\":\"ListItem\",\"position\":1,\"name\":\"Dom\u016f\",\"item\":\"https:\/\/www.vyrobcikabelu.cz\/sk\/\"},{\"@type\":\"ListItem\",\"position\":2,\"name\":\"AVK se chyst\u00e1 na presti\u017en\u00ed veletrh Amp\u00e9r 2018\"}]},{\"@type\":\"WebSite\",\"@id\":\"https:\/\/www.vyrobcikabelu.cz\/sk\/#website\",\"url\":\"https:\/\/www.vyrobcikabelu.cz\/sk\/\",\"name\":\"AVK\",\"description\":\"Dal\u0161\u00ed web pou\u017e\u00edvaj\u00edc\u00ed WordPress\",\"potentialAction\":[{\"@type\":\"SearchAction\",\"target\":{\"@type\":\"EntryPoint\",\"urlTemplate\":\"https:\/\/www.vyrobcikabelu.cz\/sk\/?s={search_term_string}\"},\"query-input\":\"required name=search_term_string\"}],\"inLanguage\":\"sk-SK\"},{\"@type\":\"Person\",\"@id\":\"https:\/\/www.vyrobcikabelu.cz\/sk\/#\/schema\/person\/6a209d959bf6e1d0742e2afdc1a068fe\",\"name\":\"Peter Homola\",\"image\":{\"@type\":\"ImageObject\",\"inLanguage\":\"sk-SK\",\"@id\":\"https:\/\/www.vyrobcikabelu.cz\/sk\/#\/schema\/person\/image\/\",\"url\":\"https:\/\/secure.gravatar.com\/avatar\/6b04de8acd3bb55a7e16aa56d268dbb4?s=96&d=mm&r=g\",\"contentUrl\":\"https:\/\/secure.gravatar.com\/avatar\/6b04de8acd3bb55a7e16aa56d268dbb4?s=96&d=mm&r=g\",\"caption\":\"Peter Homola\"},\"url\":\"https:\/\/www.vyrobcikabelu.cz\/sk\/author\/homola\/\"}]}<\/script>\n<!-- \/ Yoast SEO plugin. -->","yoast_head_json":{"title":"AVK se chyst\u00e1 na presti\u017en\u00ed veletrh Amp\u00e9r 2018 - AVK","robots":{"index":"index","follow":"follow","max-snippet":"max-snippet:-1","max-image-preview":"max-image-preview:large","max-video-preview":"max-video-preview:-1"},"canonical":"https:\/\/www.vyrobcikabelu.cz\/sk\/avk-se-chysta-prestizni-veletrh-amper-2018\/","og_locale":"sk_SK","og_type":"article","og_title":"AVK se chyst\u00e1 na presti\u017en\u00ed veletrh Amp\u00e9r 2018 - AVK","og_description":"P\u0159esto\u017ee zimn\u00ed obdob\u00ed o sob\u011b d\u00e1v\u00e1 st\u00e1le d\u016frazn\u011b v\u011bd\u011bt a n\u00edzk\u00e9 teploty navozuj\u00ed atmosf\u00e9ru podobnou zimn\u00edmu sp\u00e1nku, cht\u011bl bych v\u00e1s ujistit, \u017ee tato p\u0159edstava nen\u00ed ani v nejmen\u0161\u00edm podobn\u00e1 tomu, co se odehr\u00e1v\u00e1 v kabel\u00e1\u0159sk\u00e9m pr\u016fmyslu v \u010cesku a na &hellip; Pokra\u010dova\u0165","og_url":"https:\/\/www.vyrobcikabelu.cz\/sk\/avk-se-chysta-prestizni-veletrh-amper-2018\/","og_site_name":"AVK","article_published_time":"2018-03-12T20:44:42+00:00","article_modified_time":"2018-12-11T12:29:18+00:00","og_image":[{"width":800,"height":533,"url":"https:\/\/www.vyrobcikabelu.cz\/wp-content\/uploads\/2018\/03\/veletrh-1.jpg","type":"image\/jpeg"}],"author":"Peter Homola","twitter_card":"summary_large_image","twitter_misc":{"Autor":"Peter Homola","Predpokladan\u00fd \u010das \u010d\u00edtania":"2 min\u00faty"},"schema":{"@context":"https:\/\/schema.org","@graph":[{"@type":"WebPage","@id":"https:\/\/www.vyrobcikabelu.cz\/sk\/avk-se-chysta-prestizni-veletrh-amper-2018\/","url":"https:\/\/www.vyrobcikabelu.cz\/sk\/avk-se-chysta-prestizni-veletrh-amper-2018\/","name":"AVK se chyst\u00e1 na presti\u017en\u00ed veletrh Amp\u00e9r 2018 - AVK","isPartOf":{"@id":"https:\/\/www.vyrobcikabelu.cz\/sk\/#website"},"datePublished":"2018-03-12T20:44:42+00:00","dateModified":"2018-12-11T12:29:18+00:00","author":{"@id":"https:\/\/www.vyrobcikabelu.cz\/sk\/#\/schema\/person\/6a209d959bf6e1d0742e2afdc1a068fe"},"breadcrumb":{"@id":"https:\/\/www.vyrobcikabelu.cz\/sk\/avk-se-chysta-prestizni-veletrh-amper-2018\/#breadcrumb"},"inLanguage":"sk-SK","potentialAction":[{"@type":"ReadAction","target":["https:\/\/www.vyrobcikabelu.cz\/sk\/avk-se-chysta-prestizni-veletrh-amper-2018\/"]}]},{"@type":"BreadcrumbList","@id":"https:\/\/www.vyrobcikabelu.cz\/sk\/avk-se-chysta-prestizni-veletrh-amper-2018\/#breadcrumb","itemListElement":[{"@type":"ListItem","position":1,"name":"Dom\u016f","item":"https:\/\/www.vyrobcikabelu.cz\/sk\/"},{"@type":"ListItem","position":2,"name":"AVK se chyst\u00e1 na presti\u017en\u00ed veletrh Amp\u00e9r 2018"}]},{"@type":"WebSite","@id":"https:\/\/www.vyrobcikabelu.cz\/sk\/#website","url":"https:\/\/www.vyrobcikabelu.cz\/sk\/","name":"AVK","description":"Dal\u0161\u00ed web pou\u017e\u00edvaj\u00edc\u00ed WordPress","potentialAction":[{"@type":"SearchAction","target":{"@type":"EntryPoint","urlTemplate":"https:\/\/www.vyrobcikabelu.cz\/sk\/?s={search_term_string}"},"query-input":"required name=search_term_string"}],"inLanguage":"sk-SK"},{"@type":"Person","@id":"https:\/\/www.vyrobcikabelu.cz\/sk\/#\/schema\/person\/6a209d959bf6e1d0742e2afdc1a068fe","name":"Peter Homola","image":{"@type":"ImageObject","inLanguage":"sk-SK","@id":"https:\/\/www.vyrobcikabelu.cz\/sk\/#\/schema\/person\/image\/","url":"https:\/\/secure.gravatar.com\/avatar\/6b04de8acd3bb55a7e16aa56d268dbb4?s=96&d=mm&r=g","contentUrl":"https:\/\/secure.gravatar.com\/avatar\/6b04de8acd3bb55a7e16aa56d268dbb4?s=96&d=mm&r=g","caption":"Peter Homola"},"url":"https:\/\/www.vyrobcikabelu.cz\/sk\/author\/homola\/"}]}},"_links":{"self":[{"href":"https:\/\/www.vyrobcikabelu.cz\/sk\/wp-json\/wp\/v2\/posts\/2329"}],"collection":[{"href":"https:\/\/www.vyrobcikabelu.cz\/sk\/wp-json\/wp\/v2\/posts"}],"about":[{"href":"https:\/\/www.vyrobcikabelu.cz\/sk\/wp-json\/wp\/v2\/types\/post"}],"author":[{"embeddable":true,"href":"https:\/\/www.vyrobcikabelu.cz\/sk\/wp-json\/wp\/v2\/users\/9"}],"replies":[{"embeddable":true,"href":"https:\/\/www.vyrobcikabelu.cz\/sk\/wp-json\/wp\/v2\/comments?post=2329"}],"version-history":[{"count":2,"href":"https:\/\/www.vyrobcikabelu.cz\/sk\/wp-json\/wp\/v2\/posts\/2329\/revisions"}],"predecessor-version":[{"id":2346,"href":"https:\/\/www.vyrobcikabelu.cz\/sk\/wp-json\/wp\/v2\/posts\/2329\/revisions\/2346"}],"wp:featuredmedia":[{"embeddable":true,"href":"https:\/\/www.vyrobcikabelu.cz\/sk\/wp-json\/wp\/v2\/media\/2316"}],"wp:attachment":[{"href":"https:\/\/www.vyrobcikabelu.cz\/sk\/wp-json\/wp\/v2\/media?parent=2329"}],"wp:term":[{"taxonomy":"category","embeddable":true,"href":"https:\/\/www.vyrobcikabelu.cz\/sk\/wp-json\/wp\/v2\/categories?post=2329"},{"taxonomy":"post_tag","embeddable":true,"href":"https:\/\/www.vyrobcikabelu.cz\/sk\/wp-json\/wp\/v2\/tags?post=2329"}],"curies":[{"name":"wp","href":"https:\/\/api.w.org\/{rel}","templated":true}]}}