{"id":3604,"date":"2019-04-30T07:41:53","date_gmt":"2019-04-30T07:41:53","guid":{"rendered":"https:\/\/www.vyrobcikabelu.cz\/situace-s-nekvalitnimi-kabely-na-trhu-v-cr-a-sr\/"},"modified":"2019-06-03T13:07:54","modified_gmt":"2019-06-03T13:07:54","slug":"situace-s-nekvalitnimi-kabely-na-trhu-v-cr-a-sr","status":"publish","type":"post","link":"https:\/\/www.vyrobcikabelu.cz\/sk\/situace-s-nekvalitnimi-kabely-na-trhu-v-cr-a-sr\/","title":{"rendered":"Situace s nekvalitn\u00edmi kabely na trhu v \u010cR a SR"},"content":{"rendered":"<p><strong>V Asociaci v\u00fdrobc\u016f kabel\u016f a vodi\u010d\u016f \u010cR a SR testujeme kabely a upozor\u0148ujeme na odhalenou nekvalitu.\u00a0V\u0161echno d\u011bl\u00e1me proto, aby ze sv\u00e9 iniciativy ochr\u00e1nili spot\u0159ebitele p\u0159ed nekal\u00fdmi praktikami a produkty a vytvo\u0159ili f\u00e9rov\u00e9 konkuren\u010dn\u00ed prost\u0159ed\u00ed.<\/strong><\/p>\n<p>&nbsp;<\/p>\n<h2><strong>Zp\u016fsob hodnocen\u00ed odchylek nalezen\u00fdch nekvalitn\u00edch kabel\u016f<\/strong><\/h2>\n<p>Zp\u016fsob hodnocen\u00ed odchylek a vad je \u010d\u00e1ste\u010dn\u011b p\u0159evzat ze syst\u00e9mu HAR (hodnocen\u00ed trestn\u00fdmi body 0,5 \u2013 3), nez\u00e1va\u017en\u011bj\u0161\u00ed hodnocen\u00ed je HLAVN\u00cd ODCHYLKA. C\u00edlem je odli\u0161it \u201edrobnosti\u201c od z\u00e1va\u017en\u00fdch probl\u00e9m\u016f.<\/p>\n<p>Na veden\u00ed AVK CZ a SK se p\u0159ed\u00e1vaj\u00ed zji\u0161t\u011bn\u00ed, kde jsou evidov\u00e1ny opakovan\u011b 2 hlavn\u00ed odchylky nebo 3 vedlej\u0161\u00ed odchylky.<\/p>\n<p>Oproti jin\u00fdm syst\u00e9m\u016fm jako nap\u0159. HAR je do celkov\u00e9ho mno\u017estv\u00ed trestn\u00fdch bod\u016f zahrnut pouze jeden nejh\u016f\u0159e hodnocen\u00fd parametr, proto\u017ee neprov\u00e1d\u00edme kompletn\u00ed typovou zkou\u0161ku kabel\u016f.<\/p>\n<h2 style=\"color: #333333;\"><img loading=\"lazy\" decoding=\"async\" class=\"size-full wp-image-3597 aligncenter\" src=\"https:\/\/www.vyrobcikabelu.cz\/wp-content\/uploads\/2019\/05\/pocet-vzorku.jpg\" alt=\"\" width=\"605\" height=\"343\" srcset=\"https:\/\/www.vyrobcikabelu.cz\/wp-content\/uploads\/2019\/05\/pocet-vzorku.jpg 605w, https:\/\/www.vyrobcikabelu.cz\/wp-content\/uploads\/2019\/05\/pocet-vzorku-300x170.jpg 300w\" sizes=\"(max-width: 605px) 100vw, 605px\" \/><\/h2>\n<p>&nbsp;<\/p>\n<p><img loading=\"lazy\" decoding=\"async\" class=\"size-full wp-image-3599 aligncenter\" src=\"https:\/\/www.vyrobcikabelu.cz\/wp-content\/uploads\/2019\/05\/vysledky-vzorku.jpg\" alt=\"\" width=\"598\" height=\"440\" srcset=\"https:\/\/www.vyrobcikabelu.cz\/wp-content\/uploads\/2019\/05\/vysledky-vzorku.jpg 598w, https:\/\/www.vyrobcikabelu.cz\/wp-content\/uploads\/2019\/05\/vysledky-vzorku-300x221.jpg 300w\" sizes=\"(max-width: 598px) 100vw, 598px\" \/><\/p>\n<p><img loading=\"lazy\" decoding=\"async\" class=\"size-full wp-image-3601 aligncenter\" src=\"https:\/\/www.vyrobcikabelu.cz\/wp-content\/uploads\/2019\/05\/prumerny-pocet.jpg\" alt=\"\" width=\"589\" height=\"371\" srcset=\"https:\/\/www.vyrobcikabelu.cz\/wp-content\/uploads\/2019\/05\/prumerny-pocet.jpg 589w, https:\/\/www.vyrobcikabelu.cz\/wp-content\/uploads\/2019\/05\/prumerny-pocet-300x189.jpg 300w\" sizes=\"(max-width: 589px) 100vw, 589px\" \/><\/p>\n<p>&nbsp;<\/p>\n<h2><strong>Co AVK stoj\u00ed prov\u00e1d\u011bn\u00ed zkou\u0161ek<\/strong><\/h2>\n<ul>\n<li>Jednoduch\u00e1 zkou\u0161ka (m\u011b\u0159en\u00ed \u010dinn\u00e9ho odporu) stoj\u00ed: 1 500,- K\u010d<\/li>\n<li>Ov\u011b\u0159en\u00ed funk\u010dnosti kabelu p\u0159i po\u017e\u00e1ru: 15 000,- K\u010d<\/li>\n<li>Slo\u017eit\u00e1 zkou\u0161ka na ov\u011b\u0159en\u00ed t\u0159\u00eddy reakce na ohe\u0148 stoj\u00ed cca 80 000,- K\u010d + dopl\u0148kov\u00e9 zkou\u0161ky cca 43 000 K\u010d<\/li>\n<li>Za rok 2018 \u010dlenov\u00e9 AVK vynalo\u017eili za proveden\u00ed 41 zkou\u0161ek cca 550 000,- K\u010d<\/li>\n<li>Rozpo\u010det na verifika\u010dn\u00ed zkou\u0161ky na EZ\u00da\/EVP\u00da je 120 000,- CZK\/rok<\/li>\n<li>Celkem jsou \u010dlenov\u00e9 AVK zat\u00ed\u017een\u00ed cca 670 000,- K\u010d (cca 26 000,- EUR)\/rok<\/li>\n<\/ul>\n<p>&nbsp;<\/p>\n<h2>Doporu\u010dujeme tak\u00e9 p\u0159e\u010d\u00edst:<\/h2>\n<h3><a href=\"https:\/\/www.vyrobcikabelu.cz\/sk\/jak-avk-pracuje-s-nalezenou-overenou-nekvalitou\/\">Jak AVK pracuje s nalezenou ov\u011b\u0159enou nekvalitou<\/a><\/h3>\n<h3><a href=\"https:\/\/www.vyrobcikabelu.cz\/sk\/jake-zkousky-kabelu-a-vodicu-se-nejcasteji-provadi\/\">Jak\u00e9 zkou\u0161ky kabel\u016f a vodi\u010d\u016f se nej\u010dast\u011bji prov\u00e1d\u00ed?<\/a><\/h3>\n<p>&nbsp;<\/p>\n","protected":false},"excerpt":{"rendered":"<p>V Asociaci v\u00fdrobc\u016f kabel\u016f a vodi\u010d\u016f \u010cR a SR testujeme kabely a upozor\u0148ujeme na odhalenou nekvalitu.\u00a0V\u0161echno d\u011bl\u00e1me proto, aby ze sv\u00e9 iniciativy ochr\u00e1nili spot\u0159ebitele p\u0159ed nekal\u00fdmi praktikami a produkty a vytvo\u0159ili f\u00e9rov\u00e9 konkuren\u010dn\u00ed prost\u0159ed\u00ed. &nbsp; Zp\u016fsob hodnocen\u00ed odchylek nalezen\u00fdch nekvalitn\u00edch &hellip; <a href=\"https:\/\/www.vyrobcikabelu.cz\/sk\/situace-s-nekvalitnimi-kabely-na-trhu-v-cr-a-sr\/\">Pokra\u010dova\u0165<\/a><\/p>\n","protected":false},"author":6,"featured_media":787,"comment_status":"open","ping_status":"open","sticky":false,"template":"","format":"standard","meta":{"footnotes":""},"categories":[20,23],"tags":[],"acf":[],"yoast_head":"<!-- This site is optimized with the Yoast SEO plugin v21.8 - https:\/\/yoast.com\/wordpress\/plugins\/seo\/ -->\n<title>Situace s nekvalitn\u00edmi kabely na trhu v \u010cR a SR - AVK<\/title>\n<meta name=\"description\" content=\"V Asociaci v\u00fdrobc\u016f kabel\u016f a vodi\u010d\u016f \u010cR a SR testujeme kabely a upozor\u0148ujeme na odhalenou nekvalitu.\u00a0\" \/>\n<meta name=\"robots\" content=\"index, follow, max-snippet:-1, max-image-preview:large, max-video-preview:-1\" \/>\n<link rel=\"canonical\" href=\"https:\/\/www.vyrobcikabelu.cz\/sk\/situace-s-nekvalitnimi-kabely-na-trhu-v-cr-a-sr\/\" \/>\n<meta property=\"og:locale\" content=\"sk_SK\" \/>\n<meta property=\"og:type\" content=\"article\" \/>\n<meta property=\"og:title\" content=\"Situace s nekvalitn\u00edmi kabely na trhu v \u010cR a SR - AVK\" \/>\n<meta property=\"og:description\" content=\"V Asociaci v\u00fdrobc\u016f kabel\u016f a vodi\u010d\u016f \u010cR a SR testujeme kabely a upozor\u0148ujeme na odhalenou nekvalitu.\u00a0\" \/>\n<meta property=\"og:url\" content=\"https:\/\/www.vyrobcikabelu.cz\/sk\/situace-s-nekvalitnimi-kabely-na-trhu-v-cr-a-sr\/\" \/>\n<meta property=\"og:site_name\" content=\"AVK\" \/>\n<meta property=\"article:published_time\" content=\"2019-04-30T07:41:53+00:00\" \/>\n<meta property=\"article:modified_time\" content=\"2019-06-03T13:07:54+00:00\" \/>\n<meta property=\"og:image\" content=\"https:\/\/www.vyrobcikabelu.cz\/wp-content\/uploads\/2017\/01\/DSCF0308.jpg\" \/>\n\t<meta property=\"og:image:width\" content=\"800\" \/>\n\t<meta property=\"og:image:height\" content=\"533\" \/>\n\t<meta property=\"og:image:type\" content=\"image\/jpeg\" \/>\n<meta name=\"author\" content=\"Josef Rime\u0161\" \/>\n<meta name=\"twitter:card\" content=\"summary_large_image\" \/>\n<meta name=\"twitter:label1\" content=\"Autor\" \/>\n\t<meta name=\"twitter:data1\" content=\"Josef Rime\u0161\" \/>\n\t<meta name=\"twitter:label2\" content=\"Predpokladan\u00fd \u010das \u010d\u00edtania\" \/>\n\t<meta name=\"twitter:data2\" content=\"1 min\u00fata\" \/>\n<script type=\"application\/ld+json\" class=\"yoast-schema-graph\">{\"@context\":\"https:\/\/schema.org\",\"@graph\":[{\"@type\":\"WebPage\",\"@id\":\"https:\/\/www.vyrobcikabelu.cz\/sk\/situace-s-nekvalitnimi-kabely-na-trhu-v-cr-a-sr\/\",\"url\":\"https:\/\/www.vyrobcikabelu.cz\/sk\/situace-s-nekvalitnimi-kabely-na-trhu-v-cr-a-sr\/\",\"name\":\"Situace s nekvalitn\u00edmi kabely na trhu v \u010cR a SR - AVK\",\"isPartOf\":{\"@id\":\"https:\/\/www.vyrobcikabelu.cz\/sk\/#website\"},\"datePublished\":\"2019-04-30T07:41:53+00:00\",\"dateModified\":\"2019-06-03T13:07:54+00:00\",\"author\":{\"@id\":\"https:\/\/www.vyrobcikabelu.cz\/sk\/#\/schema\/person\/66481c14855e86d795279cb5994025d3\"},\"description\":\"V Asociaci v\u00fdrobc\u016f kabel\u016f a vodi\u010d\u016f \u010cR a SR testujeme kabely a upozor\u0148ujeme na odhalenou nekvalitu.\u00a0\",\"breadcrumb\":{\"@id\":\"https:\/\/www.vyrobcikabelu.cz\/sk\/situace-s-nekvalitnimi-kabely-na-trhu-v-cr-a-sr\/#breadcrumb\"},\"inLanguage\":\"sk-SK\",\"potentialAction\":[{\"@type\":\"ReadAction\",\"target\":[\"https:\/\/www.vyrobcikabelu.cz\/sk\/situace-s-nekvalitnimi-kabely-na-trhu-v-cr-a-sr\/\"]}]},{\"@type\":\"BreadcrumbList\",\"@id\":\"https:\/\/www.vyrobcikabelu.cz\/sk\/situace-s-nekvalitnimi-kabely-na-trhu-v-cr-a-sr\/#breadcrumb\",\"itemListElement\":[{\"@type\":\"ListItem\",\"position\":1,\"name\":\"Dom\u016f\",\"item\":\"https:\/\/www.vyrobcikabelu.cz\/sk\/\"},{\"@type\":\"ListItem\",\"position\":2,\"name\":\"Situace s nekvalitn\u00edmi kabely na trhu v \u010cR a SR\"}]},{\"@type\":\"WebSite\",\"@id\":\"https:\/\/www.vyrobcikabelu.cz\/sk\/#website\",\"url\":\"https:\/\/www.vyrobcikabelu.cz\/sk\/\",\"name\":\"AVK\",\"description\":\"Dal\u0161\u00ed web pou\u017e\u00edvaj\u00edc\u00ed WordPress\",\"potentialAction\":[{\"@type\":\"SearchAction\",\"target\":{\"@type\":\"EntryPoint\",\"urlTemplate\":\"https:\/\/www.vyrobcikabelu.cz\/sk\/?s={search_term_string}\"},\"query-input\":\"required name=search_term_string\"}],\"inLanguage\":\"sk-SK\"},{\"@type\":\"Person\",\"@id\":\"https:\/\/www.vyrobcikabelu.cz\/sk\/#\/schema\/person\/66481c14855e86d795279cb5994025d3\",\"name\":\"Josef Rime\u0161\",\"image\":{\"@type\":\"ImageObject\",\"inLanguage\":\"sk-SK\",\"@id\":\"https:\/\/www.vyrobcikabelu.cz\/sk\/#\/schema\/person\/image\/\",\"url\":\"https:\/\/secure.gravatar.com\/avatar\/91e8dc1c474bdcb6c5e2cf5b48149be4?s=96&d=mm&r=g\",\"contentUrl\":\"https:\/\/secure.gravatar.com\/avatar\/91e8dc1c474bdcb6c5e2cf5b48149be4?s=96&d=mm&r=g\",\"caption\":\"Josef Rime\u0161\"},\"url\":\"https:\/\/www.vyrobcikabelu.cz\/sk\/author\/rimes\/\"}]}<\/script>\n<!-- \/ Yoast SEO plugin. -->","yoast_head_json":{"title":"Situace s nekvalitn\u00edmi kabely na trhu v \u010cR a SR - AVK","description":"V Asociaci v\u00fdrobc\u016f kabel\u016f a vodi\u010d\u016f \u010cR a SR testujeme kabely a upozor\u0148ujeme na odhalenou nekvalitu.\u00a0","robots":{"index":"index","follow":"follow","max-snippet":"max-snippet:-1","max-image-preview":"max-image-preview:large","max-video-preview":"max-video-preview:-1"},"canonical":"https:\/\/www.vyrobcikabelu.cz\/sk\/situace-s-nekvalitnimi-kabely-na-trhu-v-cr-a-sr\/","og_locale":"sk_SK","og_type":"article","og_title":"Situace s nekvalitn\u00edmi kabely na trhu v \u010cR a SR - AVK","og_description":"V Asociaci v\u00fdrobc\u016f kabel\u016f a vodi\u010d\u016f \u010cR a SR testujeme kabely a upozor\u0148ujeme na odhalenou nekvalitu.\u00a0","og_url":"https:\/\/www.vyrobcikabelu.cz\/sk\/situace-s-nekvalitnimi-kabely-na-trhu-v-cr-a-sr\/","og_site_name":"AVK","article_published_time":"2019-04-30T07:41:53+00:00","article_modified_time":"2019-06-03T13:07:54+00:00","og_image":[{"width":800,"height":533,"url":"https:\/\/www.vyrobcikabelu.cz\/wp-content\/uploads\/2017\/01\/DSCF0308.jpg","type":"image\/jpeg"}],"author":"Josef Rime\u0161","twitter_card":"summary_large_image","twitter_misc":{"Autor":"Josef Rime\u0161","Predpokladan\u00fd \u010das \u010d\u00edtania":"1 min\u00fata"},"schema":{"@context":"https:\/\/schema.org","@graph":[{"@type":"WebPage","@id":"https:\/\/www.vyrobcikabelu.cz\/sk\/situace-s-nekvalitnimi-kabely-na-trhu-v-cr-a-sr\/","url":"https:\/\/www.vyrobcikabelu.cz\/sk\/situace-s-nekvalitnimi-kabely-na-trhu-v-cr-a-sr\/","name":"Situace s nekvalitn\u00edmi kabely na trhu v \u010cR a SR - AVK","isPartOf":{"@id":"https:\/\/www.vyrobcikabelu.cz\/sk\/#website"},"datePublished":"2019-04-30T07:41:53+00:00","dateModified":"2019-06-03T13:07:54+00:00","author":{"@id":"https:\/\/www.vyrobcikabelu.cz\/sk\/#\/schema\/person\/66481c14855e86d795279cb5994025d3"},"description":"V Asociaci v\u00fdrobc\u016f kabel\u016f a vodi\u010d\u016f \u010cR a SR testujeme kabely a upozor\u0148ujeme na odhalenou nekvalitu.\u00a0","breadcrumb":{"@id":"https:\/\/www.vyrobcikabelu.cz\/sk\/situace-s-nekvalitnimi-kabely-na-trhu-v-cr-a-sr\/#breadcrumb"},"inLanguage":"sk-SK","potentialAction":[{"@type":"ReadAction","target":["https:\/\/www.vyrobcikabelu.cz\/sk\/situace-s-nekvalitnimi-kabely-na-trhu-v-cr-a-sr\/"]}]},{"@type":"BreadcrumbList","@id":"https:\/\/www.vyrobcikabelu.cz\/sk\/situace-s-nekvalitnimi-kabely-na-trhu-v-cr-a-sr\/#breadcrumb","itemListElement":[{"@type":"ListItem","position":1,"name":"Dom\u016f","item":"https:\/\/www.vyrobcikabelu.cz\/sk\/"},{"@type":"ListItem","position":2,"name":"Situace s nekvalitn\u00edmi kabely na trhu v \u010cR a SR"}]},{"@type":"WebSite","@id":"https:\/\/www.vyrobcikabelu.cz\/sk\/#website","url":"https:\/\/www.vyrobcikabelu.cz\/sk\/","name":"AVK","description":"Dal\u0161\u00ed web pou\u017e\u00edvaj\u00edc\u00ed WordPress","potentialAction":[{"@type":"SearchAction","target":{"@type":"EntryPoint","urlTemplate":"https:\/\/www.vyrobcikabelu.cz\/sk\/?s={search_term_string}"},"query-input":"required name=search_term_string"}],"inLanguage":"sk-SK"},{"@type":"Person","@id":"https:\/\/www.vyrobcikabelu.cz\/sk\/#\/schema\/person\/66481c14855e86d795279cb5994025d3","name":"Josef Rime\u0161","image":{"@type":"ImageObject","inLanguage":"sk-SK","@id":"https:\/\/www.vyrobcikabelu.cz\/sk\/#\/schema\/person\/image\/","url":"https:\/\/secure.gravatar.com\/avatar\/91e8dc1c474bdcb6c5e2cf5b48149be4?s=96&d=mm&r=g","contentUrl":"https:\/\/secure.gravatar.com\/avatar\/91e8dc1c474bdcb6c5e2cf5b48149be4?s=96&d=mm&r=g","caption":"Josef Rime\u0161"},"url":"https:\/\/www.vyrobcikabelu.cz\/sk\/author\/rimes\/"}]}},"_links":{"self":[{"href":"https:\/\/www.vyrobcikabelu.cz\/sk\/wp-json\/wp\/v2\/posts\/3604"}],"collection":[{"href":"https:\/\/www.vyrobcikabelu.cz\/sk\/wp-json\/wp\/v2\/posts"}],"about":[{"href":"https:\/\/www.vyrobcikabelu.cz\/sk\/wp-json\/wp\/v2\/types\/post"}],"author":[{"embeddable":true,"href":"https:\/\/www.vyrobcikabelu.cz\/sk\/wp-json\/wp\/v2\/users\/6"}],"replies":[{"embeddable":true,"href":"https:\/\/www.vyrobcikabelu.cz\/sk\/wp-json\/wp\/v2\/comments?post=3604"}],"version-history":[{"count":6,"href":"https:\/\/www.vyrobcikabelu.cz\/sk\/wp-json\/wp\/v2\/posts\/3604\/revisions"}],"predecessor-version":[{"id":3669,"href":"https:\/\/www.vyrobcikabelu.cz\/sk\/wp-json\/wp\/v2\/posts\/3604\/revisions\/3669"}],"wp:featuredmedia":[{"embeddable":true,"href":"https:\/\/www.vyrobcikabelu.cz\/sk\/wp-json\/wp\/v2\/media\/787"}],"wp:attachment":[{"href":"https:\/\/www.vyrobcikabelu.cz\/sk\/wp-json\/wp\/v2\/media?parent=3604"}],"wp:term":[{"taxonomy":"category","embeddable":true,"href":"https:\/\/www.vyrobcikabelu.cz\/sk\/wp-json\/wp\/v2\/categories?post=3604"},{"taxonomy":"post_tag","embeddable":true,"href":"https:\/\/www.vyrobcikabelu.cz\/sk\/wp-json\/wp\/v2\/tags?post=3604"}],"curies":[{"name":"wp","href":"https:\/\/api.w.org\/{rel}","templated":true}]}}