{"id":3658,"date":"2019-05-27T09:52:08","date_gmt":"2019-05-27T09:52:08","guid":{"rendered":"https:\/\/www.vyrobcikabelu.cz\/?p=3658"},"modified":"2019-06-03T12:52:56","modified_gmt":"2019-06-03T12:52:56","slug":"jake-zkousky-kabelu-a-vodicu-se-nejcasteji-provadi","status":"publish","type":"post","link":"https:\/\/www.vyrobcikabelu.cz\/sk\/jake-zkousky-kabelu-a-vodicu-se-nejcasteji-provadi\/","title":{"rendered":"Jak\u00e9 zkou\u0161ky kabel\u016f a vodi\u010d\u016f se nej\u010dast\u011bji prov\u00e1d\u00ed?"},"content":{"rendered":"<p><strong>Dlouhodob\u011b se sna\u017e\u00edme hl\u00eddat trh s vodi\u010di a kabely. V testovac\u00edch zku\u0161ebn\u00e1ch \u010dlen\u016f Asociace v\u00fdrobc\u016f kabel\u016f prov\u00e1d\u00edme mnoho text\u016f a zkou\u0161ek. V n\u00e1sleduj\u00edc\u00edm \u010dl\u00e1nku v\u00e1m p\u0159edstavujeme ty nej\u010dast\u011bj\u0161\u00ed z nich.<\/strong><\/p>\n<p>&nbsp;<\/p>\n<h2><strong>N\u011bkter\u00e9 zkou\u0161ky parametr\u016f prov\u00e1d\u011bn\u00e9 na kabelech <\/strong><\/h2>\n<ol>\n<li>Odb\u011bratel, a hlavn\u011b koncov\u00fd spot\u0159ebitel nem\u00e1 mo\u017enost (\u010das, vybaven\u00ed ani finance) kontrolovat jednotliv\u00e9 parametry kabel\u016f a vodi\u010d\u016f<\/li>\n<li>Spol\u00e9h\u00e1 na poctivost v\u00fdrobce, seri\u00f3znost distributora\/dovozce a ochranu spot\u0159ebitele ze strany st\u00e1tu<\/li>\n<li>Kl\u00ed\u010dov\u00fdm ukazatelem pro spot\u0159ebitele se stala prodejn\u00ed cena<\/li>\n<li>Spot\u0159ebitel si \u010dasto neuv\u011bdomuje rizika spojen\u00e1 s pou\u017e\u00edv\u00e1n\u00edm chybn\u00e9ho produktu, kdy riskuje \u00fajmu na sv\u00e9m zdrav\u00ed (\u00farazy elektrick\u00fdm proudem\u2026) a majetku (po\u0161kozen\u00ed za\u0159\u00edzen\u00ed, budov, po\u017e\u00e1ry\u2026) a nefunk\u010dnost zakoupen\u00e9ho produktu<\/li>\n<li>V\u011bnujte pozornost \u0159\u00e1dn\u00e9mu ozna\u010den\u00ed v\u00fdrobku, uchov\u00e1vejte si \u0161t\u00edtky, vy\u017eadujte v\u00fdrobkov\u00e9 certifik\u00e1ty, hledejte spolehliv\u00e9 a doporu\u010den\u00e9 v\u00fdrobce\u2026 a v p\u0159\u00edpad\u011b podez\u0159en\u00ed se obracejte na \u010cOI nebo SOI nebo napi\u0161te o radu \u010di pomoc do AVK<\/li>\n<\/ol>\n<h3>\u010cinn\u00fd odpor vodi\u010de (\u010cSN EN 50395 \u010d\u00e1st 5)<\/h3>\n<p>Zkou\u0161ka odporu vodi\u010de je ur\u010dena k ov\u011b\u0159en\u00ed, \u017ee odpor vodi\u010de nep\u0159esahuje maxim\u00e1ln\u00ed povolenou hodnotu.<\/p>\n<p><img loading=\"lazy\" decoding=\"async\" class=\"wp-image-3636 aligncenter\" src=\"https:\/\/www.vyrobcikabelu.cz\/wp-content\/uploads\/2019\/06\/test01-cinny-odpor-vodice.jpg\" alt=\"\" width=\"510\" height=\"238\" srcset=\"https:\/\/www.vyrobcikabelu.cz\/wp-content\/uploads\/2019\/06\/test01-cinny-odpor-vodice.jpg 1019w, https:\/\/www.vyrobcikabelu.cz\/wp-content\/uploads\/2019\/06\/test01-cinny-odpor-vodice-300x140.jpg 300w, https:\/\/www.vyrobcikabelu.cz\/wp-content\/uploads\/2019\/06\/test01-cinny-odpor-vodice-768x359.jpg 768w\" sizes=\"(max-width: 510px) 100vw, 510px\" \/><\/p>\n<h3>Rozm\u011brov\u00e1 anal\u00fdza (\u010cSN EN 50396)<\/h3>\n<p>Vn\u011bj\u0161\u00ed pr\u016fm\u011br kabelu, tlou\u0161\u0165ky, centricita, ovalita<\/p>\n<p><img loading=\"lazy\" decoding=\"async\" class=\"wp-image-3644 aligncenter\" src=\"https:\/\/www.vyrobcikabelu.cz\/wp-content\/uploads\/2019\/06\/test02-centricita.jpg\" alt=\"\" width=\"202\" height=\"154\" srcset=\"https:\/\/www.vyrobcikabelu.cz\/wp-content\/uploads\/2019\/06\/test02-centricita.jpg 364w, https:\/\/www.vyrobcikabelu.cz\/wp-content\/uploads\/2019\/06\/test02-centricita-300x228.jpg 300w\" sizes=\"(max-width: 202px) 100vw, 202px\" \/><\/p>\n<h3>Nap\u011b\u0165ov\u00e1 odolnost a vady izolace (\u010cSN EN 50395 \u010d\u00e1st 7)<\/h3>\n<p>Elektrick\u00e1 pevnost nebo test nap\u011b\u0165ov\u00e9 odolnosti je ur\u010den pro ov\u011b\u0159en\u00ed, \u017ee je izolace kabelu schopna odolat po\u017eadovan\u00e9mu jmenovit\u00e9mu nap\u011bt\u00ed.<\/p>\n<p><img loading=\"lazy\" decoding=\"async\" class=\"size-full wp-image-3638 aligncenter\" src=\"https:\/\/www.vyrobcikabelu.cz\/wp-content\/uploads\/2019\/06\/test03-napetova-odolnost.jpg\" alt=\"\" width=\"640\" height=\"256\" srcset=\"https:\/\/www.vyrobcikabelu.cz\/wp-content\/uploads\/2019\/06\/test03-napetova-odolnost.jpg 640w, https:\/\/www.vyrobcikabelu.cz\/wp-content\/uploads\/2019\/06\/test03-napetova-odolnost-300x120.jpg 300w\" sizes=\"(max-width: 640px) 100vw, 640px\" \/><\/p>\n<h3>M\u011b\u0159en\u00ed izola\u010dn\u00edho odporu (\u010cSN EN 50395, \u010d\u00e1st 8.1)<\/h3>\n<p>Zkou\u0161ka ov\u011b\u0159uje, zda hodnota izola\u010dn\u00edho odporu mezi j\u00e1drem a vodou spl\u0148uje po\u017eadavky normy.<\/p>\n<h3><img loading=\"lazy\" decoding=\"async\" class=\"wp-image-3650 aligncenter\" src=\"https:\/\/www.vyrobcikabelu.cz\/wp-content\/uploads\/2019\/06\/test04-izolacni-odpor.jpg\" alt=\"\" width=\"635\" height=\"266\" srcset=\"https:\/\/www.vyrobcikabelu.cz\/wp-content\/uploads\/2019\/06\/test04-izolacni-odpor.jpg 892w, https:\/\/www.vyrobcikabelu.cz\/wp-content\/uploads\/2019\/06\/test04-izolacni-odpor-300x126.jpg 300w, https:\/\/www.vyrobcikabelu.cz\/wp-content\/uploads\/2019\/06\/test04-izolacni-odpor-768x322.jpg 768w\" sizes=\"(max-width: 635px) 100vw, 635px\" \/><\/h3>\n<h3>Tlakov\u00e1 zkou\u0161ka p\u0159i vysok\u00e9 teplot\u011b (\u010cSN EN 60811, \u010d\u00e1st 508)<\/h3>\n<p>Tato zkou\u0161ka je ur\u010dena pro ov\u011b\u0159en\u00ed, \u017ee elektrick\u00e1 integrita kabelu je zachov\u00e1na i po telepn\u00e9m a mechanick\u00e9m nam\u00e1h\u00e1n\u00ed.<\/p>\n<p><img loading=\"lazy\" decoding=\"async\" class=\"wp-image-3646 aligncenter\" src=\"https:\/\/www.vyrobcikabelu.cz\/wp-content\/uploads\/2019\/06\/test05-tlakova-zkouska.jpg\" alt=\"\" width=\"572\" height=\"236\" srcset=\"https:\/\/www.vyrobcikabelu.cz\/wp-content\/uploads\/2019\/06\/test05-tlakova-zkouska.jpg 763w, https:\/\/www.vyrobcikabelu.cz\/wp-content\/uploads\/2019\/06\/test05-tlakova-zkouska-300x124.jpg 300w\" sizes=\"(max-width: 572px) 100vw, 572px\" \/><\/p>\n<h3>Zkou\u0161ky za chladu (\u010cSN EN 60811, \u010d\u00e1st 504 a \u010d\u00e1st 506)<\/h3>\n<p>C\u00edlem je ov\u011b\u0159it, zda kabel nepoprask\u00e1, je-li nam\u00e1h\u00e1n n\u00e1razem nebo ohybem.<\/p>\n<p><img loading=\"lazy\" decoding=\"async\" class=\"wp-image-3652 aligncenter\" src=\"https:\/\/www.vyrobcikabelu.cz\/wp-content\/uploads\/2019\/06\/test06-zkousky-v-chladu.jpg\" alt=\"\" width=\"655\" height=\"340\" srcset=\"https:\/\/www.vyrobcikabelu.cz\/wp-content\/uploads\/2019\/06\/test06-zkousky-v-chladu.jpg 757w, https:\/\/www.vyrobcikabelu.cz\/wp-content\/uploads\/2019\/06\/test06-zkousky-v-chladu-300x156.jpg 300w\" sizes=\"(max-width: 655px) 100vw, 655px\" \/><\/p>\n<h3>Test ses\u00edt\u011bn\u00ed (\u010cSN EN 60811-2-1)<\/h3>\n<p>Touto zkou\u0161kou se ov\u011b\u0159uje, zda do\u0161lo ke vzniku vazeb v materi\u00e1lu a nedojde k p\u0159etr\u017een\u00ed nebo v\u011bt\u0161\u00edmu vyta\u017een\u00ed, ne\u017e specifikuje norma.<\/p>\n<p><img loading=\"lazy\" decoding=\"async\" class=\"wp-image-3640 aligncenter\" src=\"https:\/\/www.vyrobcikabelu.cz\/wp-content\/uploads\/2019\/06\/test07-test-sesiteni.jpg\" alt=\"\" width=\"617\" height=\"284\" srcset=\"https:\/\/www.vyrobcikabelu.cz\/wp-content\/uploads\/2019\/06\/test07-test-sesiteni.jpg 843w, https:\/\/www.vyrobcikabelu.cz\/wp-content\/uploads\/2019\/06\/test07-test-sesiteni-300x138.jpg 300w, https:\/\/www.vyrobcikabelu.cz\/wp-content\/uploads\/2019\/06\/test07-test-sesiteni-768x353.jpg 768w\" sizes=\"(max-width: 617px) 100vw, 617px\" \/><\/p>\n<h3>Odolnost proti \u0161\u00ed\u0159en\u00ed plamene (\u010cSN EB 60332-2-1)<\/h3>\n<p>Tato zkou\u0161ka je ur\u010dena k ov\u011b\u0159en\u00ed, \u017ee kabel by nem\u011bl podporovat ho\u0159en\u00ed.<\/p>\n<p><img loading=\"lazy\" decoding=\"async\" class=\"wp-image-3648 aligncenter\" src=\"https:\/\/www.vyrobcikabelu.cz\/wp-content\/uploads\/2019\/06\/test08-horlavost.jpg\" alt=\"\" width=\"426\" height=\"194\" srcset=\"https:\/\/www.vyrobcikabelu.cz\/wp-content\/uploads\/2019\/06\/test08-horlavost.jpg 931w, https:\/\/www.vyrobcikabelu.cz\/wp-content\/uploads\/2019\/06\/test08-horlavost-300x137.jpg 300w, https:\/\/www.vyrobcikabelu.cz\/wp-content\/uploads\/2019\/06\/test08-horlavost-768x350.jpg 768w\" sizes=\"(max-width: 426px) 100vw, 426px\" \/><\/p>\n<h3>Zkou\u0161ka funk\u010dnosti kabelu p\u0159i po\u017e\u00e1ru (\u010cSN IEC 60331-21, -10)<\/h3>\n<p>Test ov\u011b\u0159uje, zda p\u0159i definovan\u00fdch parametrech je schopen v\u00e9st elektrick\u00fd proud, ani\u017e dojde k p\u0159eru\u0161en\u00ed nebo zkratu.<\/p>\n<p><img loading=\"lazy\" decoding=\"async\" class=\"wp-image-3642 aligncenter\" src=\"https:\/\/www.vyrobcikabelu.cz\/wp-content\/uploads\/2019\/06\/test09-funkcnost-pri-pozaru.jpg\" alt=\"\" width=\"392\" height=\"207\" srcset=\"https:\/\/www.vyrobcikabelu.cz\/wp-content\/uploads\/2019\/06\/test09-funkcnost-pri-pozaru.jpg 629w, https:\/\/www.vyrobcikabelu.cz\/wp-content\/uploads\/2019\/06\/test09-funkcnost-pri-pozaru-300x158.jpg 300w\" sizes=\"(max-width: 392px) 100vw, 392px\" \/><\/p>\n<h3>M\u011b\u0159en\u00ed t\u0159\u00eddy reakce na ohe\u0148 (\u010cSN EN 50399)<\/h3>\n<p>Zkou\u0161ka za\u0159azuje kabel do n\u011bkter\u00e9 ze t\u0159\u00edd B-D, krom\u011b v\u00fdvinu tepla se u t\u011bchto kabel\u016f m\u016f\u017ee ov\u011b\u0159ovat korozivita, v\u00fdvin kou\u0159e, padaj\u00edc\u00ed \u010d\u00e1stice po\u017e\u00e1ru.<\/p>\n<p><img loading=\"lazy\" decoding=\"async\" class=\"wp-image-3654 aligncenter\" src=\"https:\/\/www.vyrobcikabelu.cz\/wp-content\/uploads\/2019\/06\/test10-reakce-na-ohen.jpg\" alt=\"\" width=\"306\" height=\"179\" srcset=\"https:\/\/www.vyrobcikabelu.cz\/wp-content\/uploads\/2019\/06\/test10-reakce-na-ohen.jpg 577w, https:\/\/www.vyrobcikabelu.cz\/wp-content\/uploads\/2019\/06\/test10-reakce-na-ohen-300x176.jpg 300w\" sizes=\"(max-width: 306px) 100vw, 306px\" \/><\/p>\n<p>&nbsp;<\/p>\n<h2>V\u00edce o zkou\u0161k\u00e1ch a testech Asociace v\u00fdrobc\u016f kabel\u016f<\/h2>\n<h3><a href=\"https:\/\/www.vyrobcikabelu.cz\/sk\/situace-s-nekvalitnimi-kabely-na-trhu-v-cr-a-sr\/\">Situace s nekvalitn\u00edmi kabely na trhu v \u010cR a SR<\/a><\/h3>\n<h3><a href=\"https:\/\/www.vyrobcikabelu.cz\/sk\/jak-avk-pracuje-s-nalezenou-overenou-nekvalitou\/\">Jak AVK pracuje s nalezenou ov\u011b\u0159enou nekvalitou<\/a><\/h3>\n<p>&nbsp;<\/p>\n","protected":false},"excerpt":{"rendered":"<p>Dlouhodob\u011b se sna\u017e\u00edme hl\u00eddat trh s vodi\u010di a kabely. V testovac\u00edch zku\u0161ebn\u00e1ch \u010dlen\u016f Asociace v\u00fdrobc\u016f kabel\u016f prov\u00e1d\u00edme mnoho text\u016f a zkou\u0161ek. V n\u00e1sleduj\u00edc\u00edm \u010dl\u00e1nku v\u00e1m p\u0159edstavujeme ty nej\u010dast\u011bj\u0161\u00ed z nich. &nbsp; N\u011bkter\u00e9 zkou\u0161ky parametr\u016f prov\u00e1d\u011bn\u00e9 na kabelech Odb\u011bratel, a hlavn\u011b &hellip; <a href=\"https:\/\/www.vyrobcikabelu.cz\/sk\/jake-zkousky-kabelu-a-vodicu-se-nejcasteji-provadi\/\">Pokra\u010dova\u0165<\/a><\/p>\n","protected":false},"author":6,"featured_media":2433,"comment_status":"open","ping_status":"open","sticky":false,"template":"","format":"standard","meta":{"footnotes":""},"categories":[20],"tags":[],"acf":[],"yoast_head":"<!-- This site is optimized with the Yoast SEO plugin v21.8 - https:\/\/yoast.com\/wordpress\/plugins\/seo\/ -->\n<title>Jak\u00e9 zkou\u0161ky kabel\u016f a vodi\u010d\u016f se nej\u010dast\u011bji prov\u00e1d\u00ed? - AVK<\/title>\n<meta name=\"description\" content=\"V testovac\u00edch zku\u0161ebn\u00e1ch \u010dlen\u016f Asociace v\u00fdrobc\u016f kabel\u016f prov\u00e1d\u00edme mnoho text\u016f a zkou\u0161ek. p\u0159edstavujeme nej\u010dast\u011bj\u0161\u00ed z nich.\" \/>\n<meta name=\"robots\" content=\"index, follow, max-snippet:-1, max-image-preview:large, max-video-preview:-1\" \/>\n<link rel=\"canonical\" href=\"https:\/\/www.vyrobcikabelu.cz\/sk\/jake-zkousky-kabelu-a-vodicu-se-nejcasteji-provadi\/\" \/>\n<meta property=\"og:locale\" content=\"sk_SK\" \/>\n<meta property=\"og:type\" content=\"article\" \/>\n<meta property=\"og:title\" content=\"Jak\u00e9 zkou\u0161ky kabel\u016f a vodi\u010d\u016f se nej\u010dast\u011bji prov\u00e1d\u00ed? - AVK\" \/>\n<meta property=\"og:description\" content=\"V testovac\u00edch zku\u0161ebn\u00e1ch \u010dlen\u016f Asociace v\u00fdrobc\u016f kabel\u016f prov\u00e1d\u00edme mnoho text\u016f a zkou\u0161ek. p\u0159edstavujeme nej\u010dast\u011bj\u0161\u00ed z nich.\" \/>\n<meta property=\"og:url\" content=\"https:\/\/www.vyrobcikabelu.cz\/sk\/jake-zkousky-kabelu-a-vodicu-se-nejcasteji-provadi\/\" \/>\n<meta property=\"og:site_name\" content=\"AVK\" \/>\n<meta property=\"article:published_time\" content=\"2019-05-27T09:52:08+00:00\" \/>\n<meta property=\"article:modified_time\" content=\"2019-06-03T12:52:56+00:00\" \/>\n<meta property=\"og:image\" content=\"https:\/\/www.vyrobcikabelu.cz\/wp-content\/uploads\/2018\/04\/MS16189_1A.jpg\" \/>\n\t<meta property=\"og:image:width\" content=\"1000\" \/>\n\t<meta property=\"og:image:height\" content=\"665\" \/>\n\t<meta property=\"og:image:type\" content=\"image\/jpeg\" \/>\n<meta name=\"author\" content=\"Josef Rime\u0161\" \/>\n<meta name=\"twitter:card\" content=\"summary_large_image\" \/>\n<meta name=\"twitter:label1\" content=\"Autor\" \/>\n\t<meta name=\"twitter:data1\" content=\"Josef Rime\u0161\" \/>\n\t<meta name=\"twitter:label2\" content=\"Predpokladan\u00fd \u010das \u010d\u00edtania\" \/>\n\t<meta name=\"twitter:data2\" content=\"3 min\u00faty\" \/>\n<script type=\"application\/ld+json\" class=\"yoast-schema-graph\">{\"@context\":\"https:\/\/schema.org\",\"@graph\":[{\"@type\":\"WebPage\",\"@id\":\"https:\/\/www.vyrobcikabelu.cz\/sk\/jake-zkousky-kabelu-a-vodicu-se-nejcasteji-provadi\/\",\"url\":\"https:\/\/www.vyrobcikabelu.cz\/sk\/jake-zkousky-kabelu-a-vodicu-se-nejcasteji-provadi\/\",\"name\":\"Jak\u00e9 zkou\u0161ky kabel\u016f a vodi\u010d\u016f se nej\u010dast\u011bji prov\u00e1d\u00ed? - AVK\",\"isPartOf\":{\"@id\":\"https:\/\/www.vyrobcikabelu.cz\/sk\/#website\"},\"datePublished\":\"2019-05-27T09:52:08+00:00\",\"dateModified\":\"2019-06-03T12:52:56+00:00\",\"author\":{\"@id\":\"https:\/\/www.vyrobcikabelu.cz\/sk\/#\/schema\/person\/66481c14855e86d795279cb5994025d3\"},\"description\":\"V testovac\u00edch zku\u0161ebn\u00e1ch \u010dlen\u016f Asociace v\u00fdrobc\u016f kabel\u016f prov\u00e1d\u00edme mnoho text\u016f a zkou\u0161ek. p\u0159edstavujeme nej\u010dast\u011bj\u0161\u00ed z nich.\",\"breadcrumb\":{\"@id\":\"https:\/\/www.vyrobcikabelu.cz\/sk\/jake-zkousky-kabelu-a-vodicu-se-nejcasteji-provadi\/#breadcrumb\"},\"inLanguage\":\"sk-SK\",\"potentialAction\":[{\"@type\":\"ReadAction\",\"target\":[\"https:\/\/www.vyrobcikabelu.cz\/sk\/jake-zkousky-kabelu-a-vodicu-se-nejcasteji-provadi\/\"]}]},{\"@type\":\"BreadcrumbList\",\"@id\":\"https:\/\/www.vyrobcikabelu.cz\/sk\/jake-zkousky-kabelu-a-vodicu-se-nejcasteji-provadi\/#breadcrumb\",\"itemListElement\":[{\"@type\":\"ListItem\",\"position\":1,\"name\":\"Dom\u016f\",\"item\":\"https:\/\/www.vyrobcikabelu.cz\/sk\/\"},{\"@type\":\"ListItem\",\"position\":2,\"name\":\"Jak\u00e9 zkou\u0161ky kabel\u016f a vodi\u010d\u016f se nej\u010dast\u011bji prov\u00e1d\u00ed?\"}]},{\"@type\":\"WebSite\",\"@id\":\"https:\/\/www.vyrobcikabelu.cz\/sk\/#website\",\"url\":\"https:\/\/www.vyrobcikabelu.cz\/sk\/\",\"name\":\"AVK\",\"description\":\"Dal\u0161\u00ed web pou\u017e\u00edvaj\u00edc\u00ed WordPress\",\"potentialAction\":[{\"@type\":\"SearchAction\",\"target\":{\"@type\":\"EntryPoint\",\"urlTemplate\":\"https:\/\/www.vyrobcikabelu.cz\/sk\/?s={search_term_string}\"},\"query-input\":\"required name=search_term_string\"}],\"inLanguage\":\"sk-SK\"},{\"@type\":\"Person\",\"@id\":\"https:\/\/www.vyrobcikabelu.cz\/sk\/#\/schema\/person\/66481c14855e86d795279cb5994025d3\",\"name\":\"Josef Rime\u0161\",\"image\":{\"@type\":\"ImageObject\",\"inLanguage\":\"sk-SK\",\"@id\":\"https:\/\/www.vyrobcikabelu.cz\/sk\/#\/schema\/person\/image\/\",\"url\":\"https:\/\/secure.gravatar.com\/avatar\/91e8dc1c474bdcb6c5e2cf5b48149be4?s=96&d=mm&r=g\",\"contentUrl\":\"https:\/\/secure.gravatar.com\/avatar\/91e8dc1c474bdcb6c5e2cf5b48149be4?s=96&d=mm&r=g\",\"caption\":\"Josef Rime\u0161\"},\"url\":\"https:\/\/www.vyrobcikabelu.cz\/sk\/author\/rimes\/\"}]}<\/script>\n<!-- \/ Yoast SEO plugin. -->","yoast_head_json":{"title":"Jak\u00e9 zkou\u0161ky kabel\u016f a vodi\u010d\u016f se nej\u010dast\u011bji prov\u00e1d\u00ed? - AVK","description":"V testovac\u00edch zku\u0161ebn\u00e1ch \u010dlen\u016f Asociace v\u00fdrobc\u016f kabel\u016f prov\u00e1d\u00edme mnoho text\u016f a zkou\u0161ek. p\u0159edstavujeme nej\u010dast\u011bj\u0161\u00ed z nich.","robots":{"index":"index","follow":"follow","max-snippet":"max-snippet:-1","max-image-preview":"max-image-preview:large","max-video-preview":"max-video-preview:-1"},"canonical":"https:\/\/www.vyrobcikabelu.cz\/sk\/jake-zkousky-kabelu-a-vodicu-se-nejcasteji-provadi\/","og_locale":"sk_SK","og_type":"article","og_title":"Jak\u00e9 zkou\u0161ky kabel\u016f a vodi\u010d\u016f se nej\u010dast\u011bji prov\u00e1d\u00ed? - AVK","og_description":"V testovac\u00edch zku\u0161ebn\u00e1ch \u010dlen\u016f Asociace v\u00fdrobc\u016f kabel\u016f prov\u00e1d\u00edme mnoho text\u016f a zkou\u0161ek. p\u0159edstavujeme nej\u010dast\u011bj\u0161\u00ed z nich.","og_url":"https:\/\/www.vyrobcikabelu.cz\/sk\/jake-zkousky-kabelu-a-vodicu-se-nejcasteji-provadi\/","og_site_name":"AVK","article_published_time":"2019-05-27T09:52:08+00:00","article_modified_time":"2019-06-03T12:52:56+00:00","og_image":[{"width":1000,"height":665,"url":"https:\/\/www.vyrobcikabelu.cz\/wp-content\/uploads\/2018\/04\/MS16189_1A.jpg","type":"image\/jpeg"}],"author":"Josef Rime\u0161","twitter_card":"summary_large_image","twitter_misc":{"Autor":"Josef Rime\u0161","Predpokladan\u00fd \u010das \u010d\u00edtania":"3 min\u00faty"},"schema":{"@context":"https:\/\/schema.org","@graph":[{"@type":"WebPage","@id":"https:\/\/www.vyrobcikabelu.cz\/sk\/jake-zkousky-kabelu-a-vodicu-se-nejcasteji-provadi\/","url":"https:\/\/www.vyrobcikabelu.cz\/sk\/jake-zkousky-kabelu-a-vodicu-se-nejcasteji-provadi\/","name":"Jak\u00e9 zkou\u0161ky kabel\u016f a vodi\u010d\u016f se nej\u010dast\u011bji prov\u00e1d\u00ed? - AVK","isPartOf":{"@id":"https:\/\/www.vyrobcikabelu.cz\/sk\/#website"},"datePublished":"2019-05-27T09:52:08+00:00","dateModified":"2019-06-03T12:52:56+00:00","author":{"@id":"https:\/\/www.vyrobcikabelu.cz\/sk\/#\/schema\/person\/66481c14855e86d795279cb5994025d3"},"description":"V testovac\u00edch zku\u0161ebn\u00e1ch \u010dlen\u016f Asociace v\u00fdrobc\u016f kabel\u016f prov\u00e1d\u00edme mnoho text\u016f a zkou\u0161ek. p\u0159edstavujeme nej\u010dast\u011bj\u0161\u00ed z nich.","breadcrumb":{"@id":"https:\/\/www.vyrobcikabelu.cz\/sk\/jake-zkousky-kabelu-a-vodicu-se-nejcasteji-provadi\/#breadcrumb"},"inLanguage":"sk-SK","potentialAction":[{"@type":"ReadAction","target":["https:\/\/www.vyrobcikabelu.cz\/sk\/jake-zkousky-kabelu-a-vodicu-se-nejcasteji-provadi\/"]}]},{"@type":"BreadcrumbList","@id":"https:\/\/www.vyrobcikabelu.cz\/sk\/jake-zkousky-kabelu-a-vodicu-se-nejcasteji-provadi\/#breadcrumb","itemListElement":[{"@type":"ListItem","position":1,"name":"Dom\u016f","item":"https:\/\/www.vyrobcikabelu.cz\/sk\/"},{"@type":"ListItem","position":2,"name":"Jak\u00e9 zkou\u0161ky kabel\u016f a vodi\u010d\u016f se nej\u010dast\u011bji prov\u00e1d\u00ed?"}]},{"@type":"WebSite","@id":"https:\/\/www.vyrobcikabelu.cz\/sk\/#website","url":"https:\/\/www.vyrobcikabelu.cz\/sk\/","name":"AVK","description":"Dal\u0161\u00ed web pou\u017e\u00edvaj\u00edc\u00ed WordPress","potentialAction":[{"@type":"SearchAction","target":{"@type":"EntryPoint","urlTemplate":"https:\/\/www.vyrobcikabelu.cz\/sk\/?s={search_term_string}"},"query-input":"required name=search_term_string"}],"inLanguage":"sk-SK"},{"@type":"Person","@id":"https:\/\/www.vyrobcikabelu.cz\/sk\/#\/schema\/person\/66481c14855e86d795279cb5994025d3","name":"Josef Rime\u0161","image":{"@type":"ImageObject","inLanguage":"sk-SK","@id":"https:\/\/www.vyrobcikabelu.cz\/sk\/#\/schema\/person\/image\/","url":"https:\/\/secure.gravatar.com\/avatar\/91e8dc1c474bdcb6c5e2cf5b48149be4?s=96&d=mm&r=g","contentUrl":"https:\/\/secure.gravatar.com\/avatar\/91e8dc1c474bdcb6c5e2cf5b48149be4?s=96&d=mm&r=g","caption":"Josef Rime\u0161"},"url":"https:\/\/www.vyrobcikabelu.cz\/sk\/author\/rimes\/"}]}},"_links":{"self":[{"href":"https:\/\/www.vyrobcikabelu.cz\/sk\/wp-json\/wp\/v2\/posts\/3658"}],"collection":[{"href":"https:\/\/www.vyrobcikabelu.cz\/sk\/wp-json\/wp\/v2\/posts"}],"about":[{"href":"https:\/\/www.vyrobcikabelu.cz\/sk\/wp-json\/wp\/v2\/types\/post"}],"author":[{"embeddable":true,"href":"https:\/\/www.vyrobcikabelu.cz\/sk\/wp-json\/wp\/v2\/users\/6"}],"replies":[{"embeddable":true,"href":"https:\/\/www.vyrobcikabelu.cz\/sk\/wp-json\/wp\/v2\/comments?post=3658"}],"version-history":[{"count":5,"href":"https:\/\/www.vyrobcikabelu.cz\/sk\/wp-json\/wp\/v2\/posts\/3658\/revisions"}],"predecessor-version":[{"id":3663,"href":"https:\/\/www.vyrobcikabelu.cz\/sk\/wp-json\/wp\/v2\/posts\/3658\/revisions\/3663"}],"wp:featuredmedia":[{"embeddable":true,"href":"https:\/\/www.vyrobcikabelu.cz\/sk\/wp-json\/wp\/v2\/media\/2433"}],"wp:attachment":[{"href":"https:\/\/www.vyrobcikabelu.cz\/sk\/wp-json\/wp\/v2\/media?parent=3658"}],"wp:term":[{"taxonomy":"category","embeddable":true,"href":"https:\/\/www.vyrobcikabelu.cz\/sk\/wp-json\/wp\/v2\/categories?post=3658"},{"taxonomy":"post_tag","embeddable":true,"href":"https:\/\/www.vyrobcikabelu.cz\/sk\/wp-json\/wp\/v2\/tags?post=3658"}],"curies":[{"name":"wp","href":"https:\/\/api.w.org\/{rel}","templated":true}]}}