{"id":3987,"date":"2019-12-19T08:29:16","date_gmt":"2019-12-19T08:29:16","guid":{"rendered":"https:\/\/www.vyrobcikabelu.cz\/vanocni-zdravice-z-asociace-vyrobcu-kabelu\/"},"modified":"2019-12-19T08:35:50","modified_gmt":"2019-12-19T08:35:50","slug":"vanocni-zdravice-z-asociace-vyrobcu-kabelu","status":"publish","type":"post","link":"https:\/\/www.vyrobcikabelu.cz\/sk\/vanocni-zdravice-z-asociace-vyrobcu-kabelu\/","title":{"rendered":"V\u00e1no\u010dn\u00ed zdravice z Asociace v\u00fdrobc\u016f kabel\u016f"},"content":{"rendered":"<h2><img loading=\"lazy\" decoding=\"async\" class=\"alignnone size-full wp-image-3962\" src=\"https:\/\/www.vyrobcikabelu.cz\/wp-content\/uploads\/2019\/12\/AVK-PF.jpg\" alt=\"\" width=\"3917\" height=\"1042\" srcset=\"https:\/\/www.vyrobcikabelu.cz\/wp-content\/uploads\/2019\/12\/AVK-PF.jpg 3917w, https:\/\/www.vyrobcikabelu.cz\/wp-content\/uploads\/2019\/12\/AVK-PF-300x80.jpg 300w, https:\/\/www.vyrobcikabelu.cz\/wp-content\/uploads\/2019\/12\/AVK-PF-768x204.jpg 768w, https:\/\/www.vyrobcikabelu.cz\/wp-content\/uploads\/2019\/12\/AVK-PF-1024x272.jpg 1024w, https:\/\/www.vyrobcikabelu.cz\/wp-content\/uploads\/2019\/12\/AVK-PF-1320x351.jpg 1320w\" sizes=\"(max-width: 3917px) 100vw, 3917px\" \/><\/h2>\n<h2>Mil\u00ed \u010dten\u00e1\u0159i, z\u00e1kazn\u00edci, partne\u0159i, odb\u011bratel\u00e9, kolegov\u00e9, distributo\u0159i, projektanti, instalat\u00e9\u0159i, dozorov\u00e9 a spolupracuj\u00edc\u00ed organizace, zam\u011bstnanci v kabel\u00e1\u0159sk\u00e9m oboru,<\/h2>\n<p>z\u00e1m\u011brem tohoto ko\u0161at\u00e9ho osloven\u00ed nen\u00ed vyjmenovat v\u0161echny osoby a profese spojen\u00e9 s kabel\u00e1\u0159sk\u00fdm oborem a navazuj\u00edc\u00edch oblast\u00ed spole\u010densk\u00e9ho \u017eivota \u2013 stejn\u011b bych n\u011bkoho (by\u0165 ne\u00famysln\u011b) mohl opomenout. R\u00e1d bych v\u00e1m up\u0159\u00edmn\u011b pod\u011bkoval za st\u00e1le rostouc\u00ed d\u016fv\u011bru, neutuchaj\u00edc\u00ed \u010dten\u00e1\u0159skou p\u0159\u00edze\u0148 a pragmatickou a aktivn\u00ed spolupr\u00e1ci, se kterou jste podporovali \u00fasil\u00ed AVK v cel\u00e9m roce 2019.<\/p>\n<p>Po cel\u00fd rok se v\u00e1m AVK (Asociace v\u00fdrobc\u016f kabel\u016f a vodi\u010d\u016f \u010cR a SR) sna\u017eila nab\u00edzet formou webov\u00fdch str\u00e1nek, setk\u00e1n\u00ed a prezentac\u00ed odborn\u00e9 informace, rady a doporu\u010den\u00ed pro usnadn\u011bn\u00ed va\u0161eho osobn\u00edho i profesn\u00edho \u017eivota. Pou\u017e\u00edv\u00e1n\u00ed nep\u0159ebern\u00e9 \u0161k\u00e1ly aplikace kabel\u016f a vodi\u010d\u016f pro p\u0159enos r\u016fzn\u00fdch podob elektrick\u00e9 energie je pro fungov\u00e1n\u00ed n\u00e1s v\u0161ech ji\u017e nemysliteln\u00e9.<\/p>\n<p>P\u0159eji v\u00e1m, a\u0165 va\u0161e sv\u011btla na v\u00e1no\u010dn\u00edm strome\u010dku zasv\u00edt\u00ed na d\u00e1rky pod n\u00edm a tak\u00e9 na v\u00e1\u0161 \u00fasp\u011bch a spokojenost.<\/p>\n<p>&nbsp;<\/p>\n<p>Hezk\u00e9 V\u00e1noce,<\/p>\n<p>pevn\u00e9 zdrav\u00ed a hodn\u011b \u0161t\u011bst\u00ed v roce 2020 p\u0159eje<\/p>\n<p>&nbsp;<\/p>\n<p>Ing. Miroslav Trojan,<\/p>\n<p>p\u0159edseda AVK<\/p>\n","protected":false},"excerpt":{"rendered":"<p>Mil\u00ed \u010dten\u00e1\u0159i, z\u00e1kazn\u00edci, partne\u0159i, odb\u011bratel\u00e9, kolegov\u00e9, distributo\u0159i, projektanti, instalat\u00e9\u0159i, dozorov\u00e9 a spolupracuj\u00edc\u00ed organizace, zam\u011bstnanci v kabel\u00e1\u0159sk\u00e9m oboru, z\u00e1m\u011brem tohoto ko\u0161at\u00e9ho osloven\u00ed nen\u00ed vyjmenovat v\u0161echny osoby a profese spojen\u00e9 s kabel\u00e1\u0159sk\u00fdm oborem a navazuj\u00edc\u00edch oblast\u00ed spole\u010densk\u00e9ho \u017eivota \u2013 stejn\u011b bych n\u011bkoho &hellip; <a href=\"https:\/\/www.vyrobcikabelu.cz\/sk\/vanocni-zdravice-z-asociace-vyrobcu-kabelu\/\">Pokra\u010dova\u0165<\/a><\/p>\n","protected":false},"author":25,"featured_media":3961,"comment_status":"open","ping_status":"open","sticky":false,"template":"","format":"standard","meta":{"footnotes":""},"categories":[23],"tags":[],"acf":[],"yoast_head":"<!-- This site is optimized with the Yoast SEO plugin v21.8 - https:\/\/yoast.com\/wordpress\/plugins\/seo\/ -->\n<title>V\u00e1no\u010dn\u00ed zdravice z Asociace v\u00fdrobc\u016f kabel\u016f - AVK<\/title>\n<meta name=\"robots\" content=\"index, follow, max-snippet:-1, max-image-preview:large, max-video-preview:-1\" \/>\n<link rel=\"canonical\" href=\"https:\/\/www.vyrobcikabelu.cz\/sk\/vanocni-zdravice-z-asociace-vyrobcu-kabelu\/\" \/>\n<meta property=\"og:locale\" content=\"sk_SK\" \/>\n<meta property=\"og:type\" content=\"article\" \/>\n<meta property=\"og:title\" content=\"V\u00e1no\u010dn\u00ed zdravice z Asociace v\u00fdrobc\u016f kabel\u016f - AVK\" \/>\n<meta property=\"og:description\" content=\"Mil\u00ed \u010dten\u00e1\u0159i, z\u00e1kazn\u00edci, partne\u0159i, odb\u011bratel\u00e9, kolegov\u00e9, distributo\u0159i, projektanti, instalat\u00e9\u0159i, dozorov\u00e9 a spolupracuj\u00edc\u00ed organizace, zam\u011bstnanci v kabel\u00e1\u0159sk\u00e9m oboru, z\u00e1m\u011brem tohoto ko\u0161at\u00e9ho osloven\u00ed nen\u00ed vyjmenovat v\u0161echny osoby a profese spojen\u00e9 s kabel\u00e1\u0159sk\u00fdm oborem a navazuj\u00edc\u00edch oblast\u00ed spole\u010densk\u00e9ho \u017eivota \u2013 stejn\u011b bych n\u011bkoho &hellip; Pokra\u010dova\u0165\" \/>\n<meta property=\"og:url\" content=\"https:\/\/www.vyrobcikabelu.cz\/sk\/vanocni-zdravice-z-asociace-vyrobcu-kabelu\/\" \/>\n<meta property=\"og:site_name\" content=\"AVK\" \/>\n<meta property=\"article:published_time\" content=\"2019-12-19T08:29:16+00:00\" \/>\n<meta property=\"article:modified_time\" content=\"2019-12-19T08:35:50+00:00\" \/>\n<meta property=\"og:image\" content=\"https:\/\/www.vyrobcikabelu.cz\/wp-content\/uploads\/2019\/12\/vanocni-zdravice-AVK.jpg\" \/>\n\t<meta property=\"og:image:width\" content=\"2750\" \/>\n\t<meta property=\"og:image:height\" content=\"1042\" \/>\n\t<meta property=\"og:image:type\" content=\"image\/jpeg\" \/>\n<meta name=\"author\" content=\"Miroslav Trojan\" \/>\n<meta name=\"twitter:card\" content=\"summary_large_image\" \/>\n<meta name=\"twitter:label1\" content=\"Autor\" \/>\n\t<meta name=\"twitter:data1\" content=\"Miroslav Trojan\" \/>\n\t<meta name=\"twitter:label2\" content=\"Predpokladan\u00fd \u010das \u010d\u00edtania\" \/>\n\t<meta name=\"twitter:data2\" content=\"1 min\u00fata\" \/>\n<script type=\"application\/ld+json\" class=\"yoast-schema-graph\">{\"@context\":\"https:\/\/schema.org\",\"@graph\":[{\"@type\":\"WebPage\",\"@id\":\"https:\/\/www.vyrobcikabelu.cz\/sk\/vanocni-zdravice-z-asociace-vyrobcu-kabelu\/\",\"url\":\"https:\/\/www.vyrobcikabelu.cz\/sk\/vanocni-zdravice-z-asociace-vyrobcu-kabelu\/\",\"name\":\"V\u00e1no\u010dn\u00ed zdravice z Asociace v\u00fdrobc\u016f kabel\u016f - AVK\",\"isPartOf\":{\"@id\":\"https:\/\/www.vyrobcikabelu.cz\/sk\/#website\"},\"datePublished\":\"2019-12-19T08:29:16+00:00\",\"dateModified\":\"2019-12-19T08:35:50+00:00\",\"author\":{\"@id\":\"https:\/\/www.vyrobcikabelu.cz\/sk\/#\/schema\/person\/1ff5b7b8c338eedc932753eb48c970a5\"},\"breadcrumb\":{\"@id\":\"https:\/\/www.vyrobcikabelu.cz\/sk\/vanocni-zdravice-z-asociace-vyrobcu-kabelu\/#breadcrumb\"},\"inLanguage\":\"sk-SK\",\"potentialAction\":[{\"@type\":\"ReadAction\",\"target\":[\"https:\/\/www.vyrobcikabelu.cz\/sk\/vanocni-zdravice-z-asociace-vyrobcu-kabelu\/\"]}]},{\"@type\":\"BreadcrumbList\",\"@id\":\"https:\/\/www.vyrobcikabelu.cz\/sk\/vanocni-zdravice-z-asociace-vyrobcu-kabelu\/#breadcrumb\",\"itemListElement\":[{\"@type\":\"ListItem\",\"position\":1,\"name\":\"Dom\u016f\",\"item\":\"https:\/\/www.vyrobcikabelu.cz\/sk\/\"},{\"@type\":\"ListItem\",\"position\":2,\"name\":\"V\u00e1no\u010dn\u00ed zdravice z Asociace v\u00fdrobc\u016f kabel\u016f\"}]},{\"@type\":\"WebSite\",\"@id\":\"https:\/\/www.vyrobcikabelu.cz\/sk\/#website\",\"url\":\"https:\/\/www.vyrobcikabelu.cz\/sk\/\",\"name\":\"AVK\",\"description\":\"Dal\u0161\u00ed web pou\u017e\u00edvaj\u00edc\u00ed WordPress\",\"potentialAction\":[{\"@type\":\"SearchAction\",\"target\":{\"@type\":\"EntryPoint\",\"urlTemplate\":\"https:\/\/www.vyrobcikabelu.cz\/sk\/?s={search_term_string}\"},\"query-input\":\"required name=search_term_string\"}],\"inLanguage\":\"sk-SK\"},{\"@type\":\"Person\",\"@id\":\"https:\/\/www.vyrobcikabelu.cz\/sk\/#\/schema\/person\/1ff5b7b8c338eedc932753eb48c970a5\",\"name\":\"Miroslav Trojan\",\"image\":{\"@type\":\"ImageObject\",\"inLanguage\":\"sk-SK\",\"@id\":\"https:\/\/www.vyrobcikabelu.cz\/sk\/#\/schema\/person\/image\/\",\"url\":\"https:\/\/secure.gravatar.com\/avatar\/d302409979883615490a02b1662d7242?s=96&d=mm&r=g\",\"contentUrl\":\"https:\/\/secure.gravatar.com\/avatar\/d302409979883615490a02b1662d7242?s=96&d=mm&r=g\",\"caption\":\"Miroslav Trojan\"},\"url\":\"https:\/\/www.vyrobcikabelu.cz\/sk\/author\/trojan\/\"}]}<\/script>\n<!-- \/ Yoast SEO plugin. -->","yoast_head_json":{"title":"V\u00e1no\u010dn\u00ed zdravice z Asociace v\u00fdrobc\u016f kabel\u016f - AVK","robots":{"index":"index","follow":"follow","max-snippet":"max-snippet:-1","max-image-preview":"max-image-preview:large","max-video-preview":"max-video-preview:-1"},"canonical":"https:\/\/www.vyrobcikabelu.cz\/sk\/vanocni-zdravice-z-asociace-vyrobcu-kabelu\/","og_locale":"sk_SK","og_type":"article","og_title":"V\u00e1no\u010dn\u00ed zdravice z Asociace v\u00fdrobc\u016f kabel\u016f - AVK","og_description":"Mil\u00ed \u010dten\u00e1\u0159i, z\u00e1kazn\u00edci, partne\u0159i, odb\u011bratel\u00e9, kolegov\u00e9, distributo\u0159i, projektanti, instalat\u00e9\u0159i, dozorov\u00e9 a spolupracuj\u00edc\u00ed organizace, zam\u011bstnanci v kabel\u00e1\u0159sk\u00e9m oboru, z\u00e1m\u011brem tohoto ko\u0161at\u00e9ho osloven\u00ed nen\u00ed vyjmenovat v\u0161echny osoby a profese spojen\u00e9 s kabel\u00e1\u0159sk\u00fdm oborem a navazuj\u00edc\u00edch oblast\u00ed spole\u010densk\u00e9ho \u017eivota \u2013 stejn\u011b bych n\u011bkoho &hellip; Pokra\u010dova\u0165","og_url":"https:\/\/www.vyrobcikabelu.cz\/sk\/vanocni-zdravice-z-asociace-vyrobcu-kabelu\/","og_site_name":"AVK","article_published_time":"2019-12-19T08:29:16+00:00","article_modified_time":"2019-12-19T08:35:50+00:00","og_image":[{"width":2750,"height":1042,"url":"https:\/\/www.vyrobcikabelu.cz\/wp-content\/uploads\/2019\/12\/vanocni-zdravice-AVK.jpg","type":"image\/jpeg"}],"author":"Miroslav Trojan","twitter_card":"summary_large_image","twitter_misc":{"Autor":"Miroslav Trojan","Predpokladan\u00fd \u010das \u010d\u00edtania":"1 min\u00fata"},"schema":{"@context":"https:\/\/schema.org","@graph":[{"@type":"WebPage","@id":"https:\/\/www.vyrobcikabelu.cz\/sk\/vanocni-zdravice-z-asociace-vyrobcu-kabelu\/","url":"https:\/\/www.vyrobcikabelu.cz\/sk\/vanocni-zdravice-z-asociace-vyrobcu-kabelu\/","name":"V\u00e1no\u010dn\u00ed zdravice z Asociace v\u00fdrobc\u016f kabel\u016f - AVK","isPartOf":{"@id":"https:\/\/www.vyrobcikabelu.cz\/sk\/#website"},"datePublished":"2019-12-19T08:29:16+00:00","dateModified":"2019-12-19T08:35:50+00:00","author":{"@id":"https:\/\/www.vyrobcikabelu.cz\/sk\/#\/schema\/person\/1ff5b7b8c338eedc932753eb48c970a5"},"breadcrumb":{"@id":"https:\/\/www.vyrobcikabelu.cz\/sk\/vanocni-zdravice-z-asociace-vyrobcu-kabelu\/#breadcrumb"},"inLanguage":"sk-SK","potentialAction":[{"@type":"ReadAction","target":["https:\/\/www.vyrobcikabelu.cz\/sk\/vanocni-zdravice-z-asociace-vyrobcu-kabelu\/"]}]},{"@type":"BreadcrumbList","@id":"https:\/\/www.vyrobcikabelu.cz\/sk\/vanocni-zdravice-z-asociace-vyrobcu-kabelu\/#breadcrumb","itemListElement":[{"@type":"ListItem","position":1,"name":"Dom\u016f","item":"https:\/\/www.vyrobcikabelu.cz\/sk\/"},{"@type":"ListItem","position":2,"name":"V\u00e1no\u010dn\u00ed zdravice z Asociace v\u00fdrobc\u016f kabel\u016f"}]},{"@type":"WebSite","@id":"https:\/\/www.vyrobcikabelu.cz\/sk\/#website","url":"https:\/\/www.vyrobcikabelu.cz\/sk\/","name":"AVK","description":"Dal\u0161\u00ed web pou\u017e\u00edvaj\u00edc\u00ed WordPress","potentialAction":[{"@type":"SearchAction","target":{"@type":"EntryPoint","urlTemplate":"https:\/\/www.vyrobcikabelu.cz\/sk\/?s={search_term_string}"},"query-input":"required name=search_term_string"}],"inLanguage":"sk-SK"},{"@type":"Person","@id":"https:\/\/www.vyrobcikabelu.cz\/sk\/#\/schema\/person\/1ff5b7b8c338eedc932753eb48c970a5","name":"Miroslav Trojan","image":{"@type":"ImageObject","inLanguage":"sk-SK","@id":"https:\/\/www.vyrobcikabelu.cz\/sk\/#\/schema\/person\/image\/","url":"https:\/\/secure.gravatar.com\/avatar\/d302409979883615490a02b1662d7242?s=96&d=mm&r=g","contentUrl":"https:\/\/secure.gravatar.com\/avatar\/d302409979883615490a02b1662d7242?s=96&d=mm&r=g","caption":"Miroslav Trojan"},"url":"https:\/\/www.vyrobcikabelu.cz\/sk\/author\/trojan\/"}]}},"_links":{"self":[{"href":"https:\/\/www.vyrobcikabelu.cz\/sk\/wp-json\/wp\/v2\/posts\/3987"}],"collection":[{"href":"https:\/\/www.vyrobcikabelu.cz\/sk\/wp-json\/wp\/v2\/posts"}],"about":[{"href":"https:\/\/www.vyrobcikabelu.cz\/sk\/wp-json\/wp\/v2\/types\/post"}],"author":[{"embeddable":true,"href":"https:\/\/www.vyrobcikabelu.cz\/sk\/wp-json\/wp\/v2\/users\/25"}],"replies":[{"embeddable":true,"href":"https:\/\/www.vyrobcikabelu.cz\/sk\/wp-json\/wp\/v2\/comments?post=3987"}],"version-history":[{"count":1,"href":"https:\/\/www.vyrobcikabelu.cz\/sk\/wp-json\/wp\/v2\/posts\/3987\/revisions"}],"predecessor-version":[{"id":3989,"href":"https:\/\/www.vyrobcikabelu.cz\/sk\/wp-json\/wp\/v2\/posts\/3987\/revisions\/3989"}],"wp:featuredmedia":[{"embeddable":true,"href":"https:\/\/www.vyrobcikabelu.cz\/sk\/wp-json\/wp\/v2\/media\/3961"}],"wp:attachment":[{"href":"https:\/\/www.vyrobcikabelu.cz\/sk\/wp-json\/wp\/v2\/media?parent=3987"}],"wp:term":[{"taxonomy":"category","embeddable":true,"href":"https:\/\/www.vyrobcikabelu.cz\/sk\/wp-json\/wp\/v2\/categories?post=3987"},{"taxonomy":"post_tag","embeddable":true,"href":"https:\/\/www.vyrobcikabelu.cz\/sk\/wp-json\/wp\/v2\/tags?post=3987"}],"curies":[{"name":"wp","href":"https:\/\/api.w.org\/{rel}","templated":true}]}}