{"id":4128,"date":"2020-03-05T17:07:43","date_gmt":"2020-03-05T17:07:43","guid":{"rendered":"https:\/\/www.vyrobcikabelu.cz\/nejen-koronavir-ale-rovnez-nekvalitni-kabely-jsou-zachyceny-na-trzich-v-cr-a-sr\/"},"modified":"2020-03-06T21:29:30","modified_gmt":"2020-03-06T21:29:30","slug":"nejen-koronavir-ale-rovnez-nekvalitni-kabely-jsou-zachyceny-na-trzich-v-cr-a-sr","status":"publish","type":"post","link":"https:\/\/www.vyrobcikabelu.cz\/sk\/nejen-koronavir-ale-rovnez-nekvalitni-kabely-jsou-zachyceny-na-trzich-v-cr-a-sr\/","title":{"rendered":"Nejen koronavir, ale rovn\u011b\u017e nekvalitn\u00ed kabely jsou zachyceny na trz\u00edch v \u010cR a SR"},"content":{"rendered":"<p><strong>Cht\u011bl bych v\u00e1s touto cestou upozornit, \u017ee nejen koronavir je zdrav\u00ed ohro\u017euj\u00edc\u00ed, ale t\u00e9\u017e va\u0161e podnik\u00e1n\u00ed, bezpe\u010dnost, zdrav\u00ed a majetek jsou pl\u00ed\u017eiv\u011b atakov\u00e1ny nekvalitn\u00edmi kabely do distribu\u010dn\u00edch s\u00edt\u00ed \u2013 m\u00e1me aktu\u00e1ln\u011b dal\u0161\u00ed p\u0159\u00edpady v\u00a0\u010cR a SR, kter\u00e9 v\u00a0distribu\u010dn\u00ed s\u00edti odhalila AVK d\u00edky pr\u016fb\u011b\u017en\u00e9 kontrole. V\u00a0obou p\u0159\u00edpadech \u0161lo o velmi z\u00e1va\u017en\u00e9 poru\u0161en\u00ed elektrick\u00fdch a mechanick\u00fdch parametr\u016f importovan\u00fdch v\u00fdrobk\u016f, kter\u00fd n\u00e1m potvrdila nez\u00e1visl\u00e1 zku\u0161ebna v\u00a0EZ\u00da.\u00a0<\/strong><\/p>\n<p><img loading=\"lazy\" decoding=\"async\" class=\"wp-image-3815 alignright\" src=\"https:\/\/www.vyrobcikabelu.cz\/wp-content\/uploads\/2019\/10\/asociace-vyrobcu-kabelu-6.jpg\" alt=\"\" width=\"600\" height=\"350\" srcset=\"https:\/\/www.vyrobcikabelu.cz\/wp-content\/uploads\/2019\/10\/asociace-vyrobcu-kabelu-6.jpg 1200w, https:\/\/www.vyrobcikabelu.cz\/wp-content\/uploads\/2019\/10\/asociace-vyrobcu-kabelu-6-300x175.jpg 300w, https:\/\/www.vyrobcikabelu.cz\/wp-content\/uploads\/2019\/10\/asociace-vyrobcu-kabelu-6-768x449.jpg 768w, https:\/\/www.vyrobcikabelu.cz\/wp-content\/uploads\/2019\/10\/asociace-vyrobcu-kabelu-6-1024x598.jpg 1024w\" sizes=\"(max-width: 600px) 100vw, 600px\" \/><\/p>\n<h2><strong>Zapojena \u010cOI a tak\u00e9 SOI<\/strong><\/h2>\n<p>AVK podala ofici\u00e1ln\u00ed podn\u011bt na \u010cOI i SOI, aby zamezila dal\u0161\u00ed distribuci nevyhovuj\u00edc\u00edch produkt\u016f a uplatnila sankce v\u00a0r\u00e1mci sv\u00fdch pravomoc\u00ed vedouc\u00ed k\u00a0ochran\u011b trhu \u2013 tedy v\u00e1s koncov\u00fdch z\u00e1kazn\u00edk\u016f.\u00a0 Ob\u011b exekutivn\u00ed instituce podn\u011bt AVK p\u0159ijaly, p\u0159isl\u00edbily pro\u0161et\u0159en\u00ed a svoji aktivn\u00ed pomoc dle legislativn\u00edho r\u00e1mce.<\/p>\n<h2><strong>Opravdu nepou\u010diteln\u00ed v\u00fdrobci<\/strong><strong>?<\/strong><\/h2>\n<p>V\u0161ichni jsme si v\u011bdomi, \u017ee pouze konkr\u00e9tn\u00ed a adresn\u00e9 informace v\u00e1m mohou pomoci se vyhnout nekvalitn\u00edm kabel\u016fm a tak\u00e9 povedou k\u00a0n\u00e1prav\u011b nevyhovuj\u00edc\u00ed situace na trhu s kabely a vodi\u010di.<br \/>\nOpakovan\u011b byly zachyceny nevyhovuj\u00edc\u00ed kabely se z\u00e1va\u017enou odchylkou od v\u00fdrobc\u016f:<\/p>\n<ul>\n<li><strong>MULTICAB ELECTRO <\/strong>z\u00a0Rumunska, jeho\u017e kabely H05 VV-F 3&#215;2,5 trestuhodn\u011b nespl\u0148uj\u00ed hodnoty v\u00a0\u010dinn\u00e9m odporu a v p\u0159\u00edpad\u011b tlou\u0161\u0165ky izolace jsou dokonce na t\u00e9m\u011b\u0159 50 % p\u0159edepsan\u00e9 hodnoty u v\u0161ech m\u011b\u0159en\u00fdch \u017eil, co\u017e by si razantn\u011bj\u0161\u00ed m\u00e9dia mohla dovolit nazvat t\u00e9m\u011b\u0159 jako krimin\u00e1ln\u00ed po\u010din. Dopady takov\u00e9 nekvality jsou v\u00e1m v\u0161em dob\u0159e zn\u00e1m\u00e9 nejen d\u00edky znalosti souvislost\u00ed, ale rovn\u011b\u017e d\u00edky upozorn\u011bn\u00edm, kter\u00e9 publikuje ve sv\u00fdch \u010dl\u00e1nc\u00edch n\u00e1\u0161 web AVK. P\u0159esto renomovan\u00e1 a rozs\u00e1hl\u00e1<strong> distribu\u010dn\u00ed s\u00edt spole\u010dnosti WEREX na Slovensku<\/strong> kabely t\u00e9to spole\u010dnosti opakovan\u011b uv\u00e1d\u00ed na trh.<\/li>\n<\/ul>\n<p>&nbsp;<\/p>\n<ul>\n<li><strong>UNAL CABLE<\/strong> z Turecka s v\u00fdrobkem CYKY 3&#215;1,5 nespl\u0148uje v\u00fdrazn\u011b rovn\u011b\u017e hodnoty \u010dinn\u00e9ho odporu a tak\u00e9 dokonce tlou\u0161\u0165ku pl\u00e1\u0161t\u011b kabelu. V\u00fdrobce UNAL CABLE a rovn\u011b\u017e <strong>distribu\u010dn\u00ed spole\u010dnost Global elektro, s.r.o. Praha<\/strong> (Ing. M. K\u0148ap), byli prokazateln\u011b informov\u00e1ni p\u00edsemn\u011b na\u0161\u00ed asociac\u00ed o nedostatc\u00edch produktu na trhu, av\u0161ak bez odezvy.<\/li>\n<\/ul>\n<h2><strong>Trp\u011bliv\u011b a soustavn\u011b<\/strong><\/h2>\n<p>V\u00e1\u017een\u00ed \u010dten\u00e1\u0159i, jsme p\u0159esv\u011bd\u010deni, \u017ee n\u00e1\u0161 monitoring trhu a odhalov\u00e1n\u00ed nekvalitn\u00edch kabel\u016f i v\u00fdrobc\u016f vn\u00edm\u00e1te jako objektivn\u00ed a prosp\u011b\u0161nou pr\u00e1ci pro koncov\u00e9 u\u017eivatele. M\u016f\u017eeme v\u00e1s ujistit, \u017ee ve sv\u00e9m odb\u011bru vzork\u016f kabel\u016f z\u00a0trh\u016f v\u00a0\u010cR a SR budeme i nad\u00e1le pokra\u010dovat trp\u011bliv\u011b a soustavn\u011b, p\u0159i\u010dem\u017e nebereme ohled, zda se jedn\u00e1 v\u00fdrobce dom\u00e1c\u00edho nebo zahrani\u010dn\u00edho, nadn\u00e1rodn\u00ed nebo rodinnou firmu. Neust\u00e1le db\u00e1me na maxim\u00e1ln\u00ed objektivnost a pr\u016fkaznost sv\u00fdch zji\u0161t\u011bn\u00ed potvrzen\u00edm u nez\u00e1visl\u00fdch instituc\u00ed jako EZ\u00da a EVP\u00da.<br \/>\nSpole\u010dn\u011b tak s\u00a0exekutivn\u00edmi org\u00e1ny \u010cOI a SOI dos\u00e1hneme po\u017eadovan\u00e9 spolehliv\u00e9 \u00farovn\u011b obou trh\u016f v oblasti kvality a v\u00e1m usnadn\u00edme rozhodov\u00e1n\u00ed p\u0159i n\u00e1kupu v\u00e1mi zvolen\u00e9ho kabelu.<\/p>\n<p>V\u011b\u0159\u00edm, \u017ee si v\u0161echny uveden\u00e9 informace pohodln\u011b rozkliknete na neust\u00e1le aktualizovan\u00fdch webov\u00fdch str\u00e1nk\u00e1ch AVK <a href=\"http:\/\/www.vyrobcikabelu.cz\">www.vyrobcikabelu.cz<\/a> nebo na <a href=\"http:\/\/www.vyrobcoviakablov.sk\">www.vyrobcoviakablov.sk<\/a> a shled\u00e1te obsah informac\u00ed za osobn\u011b i profesn\u011b zaj\u00edmav\u00e9 a prosp\u011b\u0161n\u00e9.<\/p>\n","protected":false},"excerpt":{"rendered":"<p>Cht\u011bl bych v\u00e1s touto cestou upozornit, \u017ee nejen koronavir je zdrav\u00ed ohro\u017euj\u00edc\u00ed, ale t\u00e9\u017e va\u0161e podnik\u00e1n\u00ed, bezpe\u010dnost, zdrav\u00ed a majetek jsou pl\u00ed\u017eiv\u011b atakov\u00e1ny nekvalitn\u00edmi kabely do distribu\u010dn\u00edch s\u00edt\u00ed \u2013 m\u00e1me aktu\u00e1ln\u011b dal\u0161\u00ed p\u0159\u00edpady v\u00a0\u010cR a SR, kter\u00e9 v\u00a0distribu\u010dn\u00ed s\u00edti odhalila &hellip; <a href=\"https:\/\/www.vyrobcikabelu.cz\/sk\/nejen-koronavir-ale-rovnez-nekvalitni-kabely-jsou-zachyceny-na-trzich-v-cr-a-sr\/\">Pokra\u010dova\u0165<\/a><\/p>\n","protected":false},"author":25,"featured_media":3816,"comment_status":"open","ping_status":"open","sticky":false,"template":"","format":"standard","meta":{"footnotes":""},"categories":[20,21,23],"tags":[],"acf":[],"yoast_head":"<!-- This site is optimized with the Yoast SEO plugin v21.8 - https:\/\/yoast.com\/wordpress\/plugins\/seo\/ -->\n<title>Nejen koronavir, ale rovn\u011b\u017e nekvalitn\u00ed kabely jsou zachyceny na trz\u00edch v \u010cR a SR - AVK<\/title>\n<meta name=\"description\" content=\"Va\u0161e podnik\u00e1n\u00ed, bezpe\u010dnost, zdrav\u00ed a majetek jsou pl\u00ed\u017eiv\u011b atakov\u00e1ny nekvalitn\u00edmi kabely do distribu\u010dn\u00edch s\u00edt\u00ed \u2013 m\u00e1me aktu\u00e1ln\u011b dal\u0161\u00ed p\u0159\u00edpady v \u010cR a SR, kter\u00e9 v distribu\u010dn\u00ed s\u00edti odhalila AVK d\u00edky pr\u016fb\u011b\u017en\u00e9 kontrole.\" \/>\n<meta name=\"robots\" content=\"index, follow, max-snippet:-1, max-image-preview:large, max-video-preview:-1\" \/>\n<link rel=\"canonical\" href=\"https:\/\/www.vyrobcikabelu.cz\/sk\/nejen-koronavir-ale-rovnez-nekvalitni-kabely-jsou-zachyceny-na-trzich-v-cr-a-sr\/\" \/>\n<meta property=\"og:locale\" content=\"sk_SK\" \/>\n<meta property=\"og:type\" content=\"article\" \/>\n<meta property=\"og:title\" content=\"Nejen koronavir, ale rovn\u011b\u017e nekvalitn\u00ed kabely jsou zachyceny na trz\u00edch v \u010cR a SR - AVK\" \/>\n<meta property=\"og:description\" content=\"Va\u0161e podnik\u00e1n\u00ed, bezpe\u010dnost, zdrav\u00ed a majetek jsou pl\u00ed\u017eiv\u011b atakov\u00e1ny nekvalitn\u00edmi kabely do distribu\u010dn\u00edch s\u00edt\u00ed \u2013 m\u00e1me aktu\u00e1ln\u011b dal\u0161\u00ed p\u0159\u00edpady v \u010cR a SR, kter\u00e9 v distribu\u010dn\u00ed s\u00edti odhalila AVK d\u00edky pr\u016fb\u011b\u017en\u00e9 kontrole.\" \/>\n<meta property=\"og:url\" content=\"https:\/\/www.vyrobcikabelu.cz\/sk\/nejen-koronavir-ale-rovnez-nekvalitni-kabely-jsou-zachyceny-na-trzich-v-cr-a-sr\/\" \/>\n<meta property=\"og:site_name\" content=\"AVK\" \/>\n<meta property=\"article:published_time\" content=\"2020-03-05T17:07:43+00:00\" \/>\n<meta property=\"article:modified_time\" content=\"2020-03-06T21:29:30+00:00\" \/>\n<meta property=\"og:image\" content=\"https:\/\/www.vyrobcikabelu.cz\/wp-content\/uploads\/2019\/10\/asociace-vyrobcu-kabelu-6.jpg\" \/>\n\t<meta property=\"og:image:width\" content=\"1200\" \/>\n\t<meta property=\"og:image:height\" content=\"701\" \/>\n\t<meta property=\"og:image:type\" content=\"image\/jpeg\" \/>\n<meta name=\"author\" content=\"Miroslav Trojan\" \/>\n<meta name=\"twitter:card\" content=\"summary_large_image\" \/>\n<meta name=\"twitter:label1\" content=\"Autor\" \/>\n\t<meta name=\"twitter:data1\" content=\"Miroslav Trojan\" \/>\n\t<meta name=\"twitter:label2\" content=\"Predpokladan\u00fd \u010das \u010d\u00edtania\" \/>\n\t<meta name=\"twitter:data2\" content=\"3 min\u00faty\" \/>\n<script type=\"application\/ld+json\" class=\"yoast-schema-graph\">{\"@context\":\"https:\/\/schema.org\",\"@graph\":[{\"@type\":\"WebPage\",\"@id\":\"https:\/\/www.vyrobcikabelu.cz\/sk\/nejen-koronavir-ale-rovnez-nekvalitni-kabely-jsou-zachyceny-na-trzich-v-cr-a-sr\/\",\"url\":\"https:\/\/www.vyrobcikabelu.cz\/sk\/nejen-koronavir-ale-rovnez-nekvalitni-kabely-jsou-zachyceny-na-trzich-v-cr-a-sr\/\",\"name\":\"Nejen koronavir, ale rovn\u011b\u017e nekvalitn\u00ed kabely jsou zachyceny na trz\u00edch v \u010cR a SR - AVK\",\"isPartOf\":{\"@id\":\"https:\/\/www.vyrobcikabelu.cz\/sk\/#website\"},\"datePublished\":\"2020-03-05T17:07:43+00:00\",\"dateModified\":\"2020-03-06T21:29:30+00:00\",\"author\":{\"@id\":\"https:\/\/www.vyrobcikabelu.cz\/sk\/#\/schema\/person\/1ff5b7b8c338eedc932753eb48c970a5\"},\"description\":\"Va\u0161e podnik\u00e1n\u00ed, bezpe\u010dnost, zdrav\u00ed a majetek jsou pl\u00ed\u017eiv\u011b atakov\u00e1ny nekvalitn\u00edmi kabely do distribu\u010dn\u00edch s\u00edt\u00ed \u2013 m\u00e1me aktu\u00e1ln\u011b dal\u0161\u00ed p\u0159\u00edpady v \u010cR a SR, kter\u00e9 v distribu\u010dn\u00ed s\u00edti odhalila AVK d\u00edky pr\u016fb\u011b\u017en\u00e9 kontrole.\",\"breadcrumb\":{\"@id\":\"https:\/\/www.vyrobcikabelu.cz\/sk\/nejen-koronavir-ale-rovnez-nekvalitni-kabely-jsou-zachyceny-na-trzich-v-cr-a-sr\/#breadcrumb\"},\"inLanguage\":\"sk-SK\",\"potentialAction\":[{\"@type\":\"ReadAction\",\"target\":[\"https:\/\/www.vyrobcikabelu.cz\/sk\/nejen-koronavir-ale-rovnez-nekvalitni-kabely-jsou-zachyceny-na-trzich-v-cr-a-sr\/\"]}]},{\"@type\":\"BreadcrumbList\",\"@id\":\"https:\/\/www.vyrobcikabelu.cz\/sk\/nejen-koronavir-ale-rovnez-nekvalitni-kabely-jsou-zachyceny-na-trzich-v-cr-a-sr\/#breadcrumb\",\"itemListElement\":[{\"@type\":\"ListItem\",\"position\":1,\"name\":\"Dom\u016f\",\"item\":\"https:\/\/www.vyrobcikabelu.cz\/sk\/\"},{\"@type\":\"ListItem\",\"position\":2,\"name\":\"Nejen koronavir, ale rovn\u011b\u017e nekvalitn\u00ed kabely jsou zachyceny na trz\u00edch v \u010cR a SR\"}]},{\"@type\":\"WebSite\",\"@id\":\"https:\/\/www.vyrobcikabelu.cz\/sk\/#website\",\"url\":\"https:\/\/www.vyrobcikabelu.cz\/sk\/\",\"name\":\"AVK\",\"description\":\"Dal\u0161\u00ed web pou\u017e\u00edvaj\u00edc\u00ed WordPress\",\"potentialAction\":[{\"@type\":\"SearchAction\",\"target\":{\"@type\":\"EntryPoint\",\"urlTemplate\":\"https:\/\/www.vyrobcikabelu.cz\/sk\/?s={search_term_string}\"},\"query-input\":\"required name=search_term_string\"}],\"inLanguage\":\"sk-SK\"},{\"@type\":\"Person\",\"@id\":\"https:\/\/www.vyrobcikabelu.cz\/sk\/#\/schema\/person\/1ff5b7b8c338eedc932753eb48c970a5\",\"name\":\"Miroslav Trojan\",\"image\":{\"@type\":\"ImageObject\",\"inLanguage\":\"sk-SK\",\"@id\":\"https:\/\/www.vyrobcikabelu.cz\/sk\/#\/schema\/person\/image\/\",\"url\":\"https:\/\/secure.gravatar.com\/avatar\/d302409979883615490a02b1662d7242?s=96&d=mm&r=g\",\"contentUrl\":\"https:\/\/secure.gravatar.com\/avatar\/d302409979883615490a02b1662d7242?s=96&d=mm&r=g\",\"caption\":\"Miroslav Trojan\"},\"url\":\"https:\/\/www.vyrobcikabelu.cz\/sk\/author\/trojan\/\"}]}<\/script>\n<!-- \/ Yoast SEO plugin. -->","yoast_head_json":{"title":"Nejen koronavir, ale rovn\u011b\u017e nekvalitn\u00ed kabely jsou zachyceny na trz\u00edch v \u010cR a SR - AVK","description":"Va\u0161e podnik\u00e1n\u00ed, bezpe\u010dnost, zdrav\u00ed a majetek jsou pl\u00ed\u017eiv\u011b atakov\u00e1ny nekvalitn\u00edmi kabely do distribu\u010dn\u00edch s\u00edt\u00ed \u2013 m\u00e1me aktu\u00e1ln\u011b dal\u0161\u00ed p\u0159\u00edpady v \u010cR a SR, kter\u00e9 v distribu\u010dn\u00ed s\u00edti odhalila AVK d\u00edky pr\u016fb\u011b\u017en\u00e9 kontrole.","robots":{"index":"index","follow":"follow","max-snippet":"max-snippet:-1","max-image-preview":"max-image-preview:large","max-video-preview":"max-video-preview:-1"},"canonical":"https:\/\/www.vyrobcikabelu.cz\/sk\/nejen-koronavir-ale-rovnez-nekvalitni-kabely-jsou-zachyceny-na-trzich-v-cr-a-sr\/","og_locale":"sk_SK","og_type":"article","og_title":"Nejen koronavir, ale rovn\u011b\u017e nekvalitn\u00ed kabely jsou zachyceny na trz\u00edch v \u010cR a SR - AVK","og_description":"Va\u0161e podnik\u00e1n\u00ed, bezpe\u010dnost, zdrav\u00ed a majetek jsou pl\u00ed\u017eiv\u011b atakov\u00e1ny nekvalitn\u00edmi kabely do distribu\u010dn\u00edch s\u00edt\u00ed \u2013 m\u00e1me aktu\u00e1ln\u011b dal\u0161\u00ed p\u0159\u00edpady v \u010cR a SR, kter\u00e9 v distribu\u010dn\u00ed s\u00edti odhalila AVK d\u00edky pr\u016fb\u011b\u017en\u00e9 kontrole.","og_url":"https:\/\/www.vyrobcikabelu.cz\/sk\/nejen-koronavir-ale-rovnez-nekvalitni-kabely-jsou-zachyceny-na-trzich-v-cr-a-sr\/","og_site_name":"AVK","article_published_time":"2020-03-05T17:07:43+00:00","article_modified_time":"2020-03-06T21:29:30+00:00","og_image":[{"width":1200,"height":701,"url":"https:\/\/www.vyrobcikabelu.cz\/wp-content\/uploads\/2019\/10\/asociace-vyrobcu-kabelu-6.jpg","type":"image\/jpeg"}],"author":"Miroslav Trojan","twitter_card":"summary_large_image","twitter_misc":{"Autor":"Miroslav Trojan","Predpokladan\u00fd \u010das \u010d\u00edtania":"3 min\u00faty"},"schema":{"@context":"https:\/\/schema.org","@graph":[{"@type":"WebPage","@id":"https:\/\/www.vyrobcikabelu.cz\/sk\/nejen-koronavir-ale-rovnez-nekvalitni-kabely-jsou-zachyceny-na-trzich-v-cr-a-sr\/","url":"https:\/\/www.vyrobcikabelu.cz\/sk\/nejen-koronavir-ale-rovnez-nekvalitni-kabely-jsou-zachyceny-na-trzich-v-cr-a-sr\/","name":"Nejen koronavir, ale rovn\u011b\u017e nekvalitn\u00ed kabely jsou zachyceny na trz\u00edch v \u010cR a SR - AVK","isPartOf":{"@id":"https:\/\/www.vyrobcikabelu.cz\/sk\/#website"},"datePublished":"2020-03-05T17:07:43+00:00","dateModified":"2020-03-06T21:29:30+00:00","author":{"@id":"https:\/\/www.vyrobcikabelu.cz\/sk\/#\/schema\/person\/1ff5b7b8c338eedc932753eb48c970a5"},"description":"Va\u0161e podnik\u00e1n\u00ed, bezpe\u010dnost, zdrav\u00ed a majetek jsou pl\u00ed\u017eiv\u011b atakov\u00e1ny nekvalitn\u00edmi kabely do distribu\u010dn\u00edch s\u00edt\u00ed \u2013 m\u00e1me aktu\u00e1ln\u011b dal\u0161\u00ed p\u0159\u00edpady v \u010cR a SR, kter\u00e9 v distribu\u010dn\u00ed s\u00edti odhalila AVK d\u00edky pr\u016fb\u011b\u017en\u00e9 kontrole.","breadcrumb":{"@id":"https:\/\/www.vyrobcikabelu.cz\/sk\/nejen-koronavir-ale-rovnez-nekvalitni-kabely-jsou-zachyceny-na-trzich-v-cr-a-sr\/#breadcrumb"},"inLanguage":"sk-SK","potentialAction":[{"@type":"ReadAction","target":["https:\/\/www.vyrobcikabelu.cz\/sk\/nejen-koronavir-ale-rovnez-nekvalitni-kabely-jsou-zachyceny-na-trzich-v-cr-a-sr\/"]}]},{"@type":"BreadcrumbList","@id":"https:\/\/www.vyrobcikabelu.cz\/sk\/nejen-koronavir-ale-rovnez-nekvalitni-kabely-jsou-zachyceny-na-trzich-v-cr-a-sr\/#breadcrumb","itemListElement":[{"@type":"ListItem","position":1,"name":"Dom\u016f","item":"https:\/\/www.vyrobcikabelu.cz\/sk\/"},{"@type":"ListItem","position":2,"name":"Nejen koronavir, ale rovn\u011b\u017e nekvalitn\u00ed kabely jsou zachyceny na trz\u00edch v \u010cR a SR"}]},{"@type":"WebSite","@id":"https:\/\/www.vyrobcikabelu.cz\/sk\/#website","url":"https:\/\/www.vyrobcikabelu.cz\/sk\/","name":"AVK","description":"Dal\u0161\u00ed web pou\u017e\u00edvaj\u00edc\u00ed WordPress","potentialAction":[{"@type":"SearchAction","target":{"@type":"EntryPoint","urlTemplate":"https:\/\/www.vyrobcikabelu.cz\/sk\/?s={search_term_string}"},"query-input":"required name=search_term_string"}],"inLanguage":"sk-SK"},{"@type":"Person","@id":"https:\/\/www.vyrobcikabelu.cz\/sk\/#\/schema\/person\/1ff5b7b8c338eedc932753eb48c970a5","name":"Miroslav Trojan","image":{"@type":"ImageObject","inLanguage":"sk-SK","@id":"https:\/\/www.vyrobcikabelu.cz\/sk\/#\/schema\/person\/image\/","url":"https:\/\/secure.gravatar.com\/avatar\/d302409979883615490a02b1662d7242?s=96&d=mm&r=g","contentUrl":"https:\/\/secure.gravatar.com\/avatar\/d302409979883615490a02b1662d7242?s=96&d=mm&r=g","caption":"Miroslav Trojan"},"url":"https:\/\/www.vyrobcikabelu.cz\/sk\/author\/trojan\/"}]}},"_links":{"self":[{"href":"https:\/\/www.vyrobcikabelu.cz\/sk\/wp-json\/wp\/v2\/posts\/4128"}],"collection":[{"href":"https:\/\/www.vyrobcikabelu.cz\/sk\/wp-json\/wp\/v2\/posts"}],"about":[{"href":"https:\/\/www.vyrobcikabelu.cz\/sk\/wp-json\/wp\/v2\/types\/post"}],"author":[{"embeddable":true,"href":"https:\/\/www.vyrobcikabelu.cz\/sk\/wp-json\/wp\/v2\/users\/25"}],"replies":[{"embeddable":true,"href":"https:\/\/www.vyrobcikabelu.cz\/sk\/wp-json\/wp\/v2\/comments?post=4128"}],"version-history":[{"count":2,"href":"https:\/\/www.vyrobcikabelu.cz\/sk\/wp-json\/wp\/v2\/posts\/4128\/revisions"}],"predecessor-version":[{"id":4151,"href":"https:\/\/www.vyrobcikabelu.cz\/sk\/wp-json\/wp\/v2\/posts\/4128\/revisions\/4151"}],"wp:featuredmedia":[{"embeddable":true,"href":"https:\/\/www.vyrobcikabelu.cz\/sk\/wp-json\/wp\/v2\/media\/3816"}],"wp:attachment":[{"href":"https:\/\/www.vyrobcikabelu.cz\/sk\/wp-json\/wp\/v2\/media?parent=4128"}],"wp:term":[{"taxonomy":"category","embeddable":true,"href":"https:\/\/www.vyrobcikabelu.cz\/sk\/wp-json\/wp\/v2\/categories?post=4128"},{"taxonomy":"post_tag","embeddable":true,"href":"https:\/\/www.vyrobcikabelu.cz\/sk\/wp-json\/wp\/v2\/tags?post=4128"}],"curies":[{"name":"wp","href":"https:\/\/api.w.org\/{rel}","templated":true}]}}