{"id":4140,"date":"2020-03-05T17:48:41","date_gmt":"2020-03-05T17:48:41","guid":{"rendered":"https:\/\/www.vyrobcikabelu.cz\/prvni-prehled-deni-v-kabelarskem-prumyslu-roku-2020\/"},"modified":"2020-03-06T21:23:54","modified_gmt":"2020-03-06T21:23:54","slug":"prvni-prehled-deni-v-kabelarskem-prumyslu-roku-2020","status":"publish","type":"post","link":"https:\/\/www.vyrobcikabelu.cz\/sk\/prvni-prehled-deni-v-kabelarskem-prumyslu-roku-2020\/","title":{"rendered":"Prvn\u00ed p\u0159ehled d\u011bn\u00ed v kabel\u00e1\u0159sk\u00e9m pr\u016fmyslu roku 2020"},"content":{"rendered":"<p><strong>V\u00e1\u017een\u00ed \u010dten\u00e1\u0159i, d\u011bkuji za V\u00e1\u0161 z\u00e1jem o kabel\u00e1\u0159sk\u00fd pr\u016fmysl. Shrnuji z\u00e1sadn\u00ed ud\u00e1losti za\u010d\u00e1tku roku 2020.<\/strong><\/p>\n<p><img loading=\"lazy\" decoding=\"async\" class=\"alignnone size-full wp-image-4136\" src=\"https:\/\/www.vyrobcikabelu.cz\/wp-content\/uploads\/2020\/03\/avk-prvni-prehled-udalosti-2020.jpg\" alt=\"\" width=\"1000\" height=\"490\" srcset=\"https:\/\/www.vyrobcikabelu.cz\/wp-content\/uploads\/2020\/03\/avk-prvni-prehled-udalosti-2020.jpg 1000w, https:\/\/www.vyrobcikabelu.cz\/wp-content\/uploads\/2020\/03\/avk-prvni-prehled-udalosti-2020-300x147.jpg 300w, https:\/\/www.vyrobcikabelu.cz\/wp-content\/uploads\/2020\/03\/avk-prvni-prehled-udalosti-2020-768x376.jpg 768w\" sizes=\"(max-width: 1000px) 100vw, 1000px\" \/><\/p>\n<h2><strong>Varujeme p\u0159ed nekvalitn\u00edmi v\u00fdrobky<\/strong><\/h2>\n<p style=\"text-align: left;\">AVK zachytila p\u0159i monitoringu kvality trhu s kabely v\u00a0minul\u00e9m m\u011bs\u00edci dal\u0161\u00ed nekvalitn\u00ed v\u00fdrobky od v\u00fdrobce UNAL CABLE Turecko (CYKY), kter\u00e9 distribuuje spole\u010dnost Global Elektro \u2013 Martin K\u0148ap v\u00a0\u010cech\u00e1ch, a v\u00fdrobek H05 VV-F od v\u00fdrobce MULTICAB ELECTRO Rumunsko, kter\u00fd distribuuje \u0159et\u011bzec VEREX na Slovensku. Parametry m\u011b\u0159en\u00fdch v\u00fdrobk\u016f byly tak v\u00fdrazn\u011b pod po\u017eadavky v\u00fdrobkov\u00fdch norem, \u017ee musela AVK po\u017e\u00e1dat o pomoc a \u00fa\u010dinn\u00fd z\u00e1krok st\u00e1tn\u00ed inspek\u010dn\u00ed organizace \u010cOI a SOI. Samoz\u0159ejm\u011b v\u0161echna proveden\u00e1 m\u011b\u0159en\u00ed byla verifikov\u00e1na nez\u00e1visl\u00fdmi. Koncov\u00ed u\u017eivatel\u00e9 by se m\u011bli vyhnout t\u011bmto produkt\u016fm, aby si nezp\u016fsobili pot\u00ed\u017ee p\u0159i reviz\u00edch, u\u017e\u00edv\u00e1n\u00ed nov\u00e9 nebo rekonstruovan\u00e9 instalace nebo p\u0159i p\u0159ipojov\u00e1n\u00ed spot\u0159ebi\u010d\u016f b\u011b\u017en\u00e9 spot\u0159eby. Jde o jejich vlastn\u00ed bezpe\u010dnost, zdrav\u00ed i majetkovou \u00fajmu v\u00a0budoucnosti.<\/p>\n<p style=\"text-align: center;\"><a href=\"https:\/\/www.vyrobcikabelu.cz\/sk\/nejen-koronavir-ale-rovnez-nekvalitni-kabely-jsou-zachyceny-na-trzich-v-cr-a-sr\/\" target=\"_blank\" rel=\"noopener\"><span class=\"format-article-button\"><strong>V\u00edce<\/strong><\/span><\/a><\/p>\n<h2><strong>P\u0159ij\u010fte na konferenci o kabelech<\/strong><\/h2>\n<p>\u010cVUT Praha a AVK se spolu s\u00a0ostatn\u00edmi institucemi a partnery dohodli na participaci prvn\u00ed konference \u201eKabely a kabelov\u00e9 syst\u00e9my\u201c. Konference m\u00e1 za c\u00edl poskytnout \u00fa\u010dastn\u00edk\u016fm informaci o v\u00fdvoji a trendech v kabel\u00e1\u0159sk\u00e9m oboru a v jeho jednotliv\u00fdch segmentech a pestr\u00fdch aplikac\u00edch, p\u0159isp\u011bt k\u00a0propojen\u00ed akademick\u00e9 p\u016fdy a pr\u016fmyslov\u00e9 sf\u00e9ry p\u0159i v\u00fdvoji, inovaci a \u0159e\u0161en\u00ed spole\u010densk\u00fdch pot\u0159eb a v\u00a0neposledn\u00ed \u0159ad\u011b p\u0159ipomenout, \u017ee se n\u00e1\u0161 \u017eivot bez kabel\u016f neobejde proto\u017ee \u201ewireless \u0159e\u0161en\u00ed\u201c jsou st\u00e1le v\u00a0\u0159\u00ed\u0161i sn\u016f. Napl\u00e1nujte si proto do kalend\u00e1\u0159e setk\u00e1n\u00ed s\u00a0mnoha \u00fa\u010dastn\u00edky v\u00a0Praze dne 1.DUBNA 2020.\u00a0 Konference rozhodn\u011b nem\u00e1 v\u00a0\u00famyslu b\u00fdt apr\u00edlov\u00fdm \u017eertem a program najdete na webu AVK<em>.<\/em><\/p>\n<p style=\"text-align: center;\"><a href=\"https:\/\/www.vyrobcikabelu.cz\/sk\/pozvanka-soucasnost-i-budoucnost-vyvoje-kabelarskeho-oboru-v-cr-a-sr\/\" target=\"_blank\" rel=\"noopener\"><span class=\"format-article-button\">V\u00edce<\/span><\/a><\/p>\n<h2><strong>CPR je st\u00e1le v\u00a0pop\u0159ed\u00ed pozornosti <\/strong><\/h2>\n<p>T\u00e9m\u011b\u0159 rok trvaj\u00edc\u00ed osv\u011bta a tak\u00e9 vzd\u011bl\u00e1v\u00e1n\u00ed v\u0161ech zainteresovan\u00fdch osob ve vztahu k\u00a0na\u0159\u00edzen\u00ed EU vydan\u00e9m pod ozna\u010den\u00edm EN 50575 (tzv. CPR) neztr\u00e1c\u00ed na sv\u00e9 aktu\u00e1lnosti. Ba pr\u00e1v\u011b naopak. Stavebn\u00ed trh se jimi bude zab\u00fdvat st\u00e1le detailn\u011bji a n\u00e1roky na projektanty, instala\u010dn\u00ed spole\u010dnosti, revizn\u00ed techniky i u\u017eivatele opr\u00e1vn\u011bn\u011b porostou. Abychom vy\u0161li v\u0161em z\u00e1jemc\u016fm vst\u0159\u00edc, p\u0159ipravila AVK spolu s\u00a0Europacable celoevropskou osv\u011btu, kterou naleznete v\u00a0n\u00e1rodn\u00edm st\u00e1le aktualizovan\u00e9m odkazu: <a href=\"https:\/\/cpr.europacable.eu\/cs\">cpr.europacable.eu\/cs<\/a>, resp. <a href=\"http:\/\/cpr.europacable.eu\/sk\" target=\"_blank\" rel=\"noopener\">cpr.europacable.eu\/sk<\/a>.<br \/>\nV jednom z\u00a0p\u0159\u00ed\u0161t\u00edch vyd\u00e1n\u00ed Newsletteru v\u00e1m tak\u00e9 poskytnu v\u00fdsledky srovn\u00e1n\u00ed znalost\u00ed CPR u na\u0161ich odborn\u00edk\u016f v\u00a0\u010cR a SR s\u00a0celoevropsk\u00fdm pr\u016fm\u011brem.<\/p>\n<p style=\"text-align: center;\"><a href=\"https:\/\/www.vyrobcikabelu.cz\/sk\/cpr-by-jiz-nemela-byt-neznamou-zkratkou\/\" target=\"_blank\" rel=\"noopener\"><span class=\"format-article-button\">v\u00edce<\/span><\/a><\/p>\n<h2><strong>Draka Kabely, s.r.o., slavila 25 let a Elkond, a.s., roz\u0161\u00ed\u0159il v\u00fdrobkov\u00e9 portfolio<\/strong><\/h2>\n<p>Komu by snad unikly bli\u017e\u0161\u00ed informace o rozvoji 2 \u010dlen\u016f AVK, doporu\u010duji si prohl\u00e9dnout Zpravodaj AVK, kde se bl\u00ed\u017ee p\u0159edstavili dva \u010dlenov\u00e9 AVK. Mohu sl\u00edbit, \u017ee se postupn\u011b v\u00a0ka\u017ed\u00e9m m\u011bs\u00edci dozv\u00edte v\u00edce o v\u0161ech \u010dlenech AVK. P\u0159esv\u011bd\u010d\u00edte se sami, \u017ee ka\u017ed\u00fd \u010dlen AVK m\u00e1 co nab\u00eddnout z\u00a0velmi pestr\u00e9ho a kvalitn\u00edch sortimentu produkt\u016f i slu\u017eeb.<\/p>\n<p style=\"text-align: center;\"><a href=\"https:\/\/www.vyrobcikabelu.cz\/sk\/kabelarsky-spravodajca\/\" target=\"_blank\" rel=\"noopener\"><span class=\"format-article-button\">v\u00edce<\/span><\/a><\/p>\n<p><em>Ing. Miroslav Trojan<\/em><\/p>\n","protected":false},"excerpt":{"rendered":"<p>V\u00e1\u017een\u00ed \u010dten\u00e1\u0159i, d\u011bkuji za V\u00e1\u0161 z\u00e1jem o kabel\u00e1\u0159sk\u00fd pr\u016fmysl. Shrnuji z\u00e1sadn\u00ed ud\u00e1losti za\u010d\u00e1tku roku 2020. Varujeme p\u0159ed nekvalitn\u00edmi v\u00fdrobky AVK zachytila p\u0159i monitoringu kvality trhu s kabely v\u00a0minul\u00e9m m\u011bs\u00edci dal\u0161\u00ed nekvalitn\u00ed v\u00fdrobky od v\u00fdrobce UNAL CABLE Turecko (CYKY), kter\u00e9 distribuuje &hellip; <a href=\"https:\/\/www.vyrobcikabelu.cz\/sk\/prvni-prehled-deni-v-kabelarskem-prumyslu-roku-2020\/\">Pokra\u010dova\u0165<\/a><\/p>\n","protected":false},"author":25,"featured_media":2417,"comment_status":"open","ping_status":"open","sticky":false,"template":"","format":"standard","meta":{"footnotes":""},"categories":[21,23],"tags":[],"acf":[],"yoast_head":"<!-- This site is optimized with the Yoast SEO plugin v21.8 - https:\/\/yoast.com\/wordpress\/plugins\/seo\/ -->\n<title>Prvn\u00ed p\u0159ehled d\u011bn\u00ed v kabel\u00e1\u0159sk\u00e9m pr\u016fmyslu roku 2020 - AVK<\/title>\n<meta name=\"robots\" content=\"index, follow, max-snippet:-1, max-image-preview:large, max-video-preview:-1\" \/>\n<link rel=\"canonical\" href=\"https:\/\/www.vyrobcikabelu.cz\/sk\/prvni-prehled-deni-v-kabelarskem-prumyslu-roku-2020\/\" \/>\n<meta property=\"og:locale\" content=\"sk_SK\" \/>\n<meta property=\"og:type\" content=\"article\" \/>\n<meta property=\"og:title\" content=\"Prvn\u00ed p\u0159ehled d\u011bn\u00ed v kabel\u00e1\u0159sk\u00e9m pr\u016fmyslu roku 2020 - AVK\" \/>\n<meta property=\"og:description\" content=\"V\u00e1\u017een\u00ed \u010dten\u00e1\u0159i, d\u011bkuji za V\u00e1\u0161 z\u00e1jem o kabel\u00e1\u0159sk\u00fd pr\u016fmysl. Shrnuji z\u00e1sadn\u00ed ud\u00e1losti za\u010d\u00e1tku roku 2020. Varujeme p\u0159ed nekvalitn\u00edmi v\u00fdrobky AVK zachytila p\u0159i monitoringu kvality trhu s kabely v\u00a0minul\u00e9m m\u011bs\u00edci dal\u0161\u00ed nekvalitn\u00ed v\u00fdrobky od v\u00fdrobce UNAL CABLE Turecko (CYKY), kter\u00e9 distribuuje &hellip; Pokra\u010dova\u0165\" \/>\n<meta property=\"og:url\" content=\"https:\/\/www.vyrobcikabelu.cz\/sk\/prvni-prehled-deni-v-kabelarskem-prumyslu-roku-2020\/\" \/>\n<meta property=\"og:site_name\" content=\"AVK\" \/>\n<meta property=\"article:published_time\" content=\"2020-03-05T17:48:41+00:00\" \/>\n<meta property=\"article:modified_time\" content=\"2020-03-06T21:23:54+00:00\" \/>\n<meta property=\"og:image\" content=\"https:\/\/www.vyrobcikabelu.cz\/wp-content\/uploads\/2018\/04\/MS15990_1A.jpg\" \/>\n\t<meta property=\"og:image:width\" content=\"1000\" \/>\n\t<meta property=\"og:image:height\" content=\"665\" \/>\n\t<meta property=\"og:image:type\" content=\"image\/jpeg\" \/>\n<meta name=\"author\" content=\"Miroslav Trojan\" \/>\n<meta name=\"twitter:card\" content=\"summary_large_image\" \/>\n<meta name=\"twitter:label1\" content=\"Autor\" \/>\n\t<meta name=\"twitter:data1\" content=\"Miroslav Trojan\" \/>\n\t<meta name=\"twitter:label2\" content=\"Predpokladan\u00fd \u010das \u010d\u00edtania\" \/>\n\t<meta name=\"twitter:data2\" content=\"3 min\u00faty\" \/>\n<script type=\"application\/ld+json\" class=\"yoast-schema-graph\">{\"@context\":\"https:\/\/schema.org\",\"@graph\":[{\"@type\":\"WebPage\",\"@id\":\"https:\/\/www.vyrobcikabelu.cz\/sk\/prvni-prehled-deni-v-kabelarskem-prumyslu-roku-2020\/\",\"url\":\"https:\/\/www.vyrobcikabelu.cz\/sk\/prvni-prehled-deni-v-kabelarskem-prumyslu-roku-2020\/\",\"name\":\"Prvn\u00ed p\u0159ehled d\u011bn\u00ed v kabel\u00e1\u0159sk\u00e9m pr\u016fmyslu roku 2020 - AVK\",\"isPartOf\":{\"@id\":\"https:\/\/www.vyrobcikabelu.cz\/sk\/#website\"},\"datePublished\":\"2020-03-05T17:48:41+00:00\",\"dateModified\":\"2020-03-06T21:23:54+00:00\",\"author\":{\"@id\":\"https:\/\/www.vyrobcikabelu.cz\/sk\/#\/schema\/person\/1ff5b7b8c338eedc932753eb48c970a5\"},\"breadcrumb\":{\"@id\":\"https:\/\/www.vyrobcikabelu.cz\/sk\/prvni-prehled-deni-v-kabelarskem-prumyslu-roku-2020\/#breadcrumb\"},\"inLanguage\":\"sk-SK\",\"potentialAction\":[{\"@type\":\"ReadAction\",\"target\":[\"https:\/\/www.vyrobcikabelu.cz\/sk\/prvni-prehled-deni-v-kabelarskem-prumyslu-roku-2020\/\"]}]},{\"@type\":\"BreadcrumbList\",\"@id\":\"https:\/\/www.vyrobcikabelu.cz\/sk\/prvni-prehled-deni-v-kabelarskem-prumyslu-roku-2020\/#breadcrumb\",\"itemListElement\":[{\"@type\":\"ListItem\",\"position\":1,\"name\":\"Dom\u016f\",\"item\":\"https:\/\/www.vyrobcikabelu.cz\/sk\/\"},{\"@type\":\"ListItem\",\"position\":2,\"name\":\"Prvn\u00ed p\u0159ehled d\u011bn\u00ed v kabel\u00e1\u0159sk\u00e9m pr\u016fmyslu roku 2020\"}]},{\"@type\":\"WebSite\",\"@id\":\"https:\/\/www.vyrobcikabelu.cz\/sk\/#website\",\"url\":\"https:\/\/www.vyrobcikabelu.cz\/sk\/\",\"name\":\"AVK\",\"description\":\"Dal\u0161\u00ed web pou\u017e\u00edvaj\u00edc\u00ed WordPress\",\"potentialAction\":[{\"@type\":\"SearchAction\",\"target\":{\"@type\":\"EntryPoint\",\"urlTemplate\":\"https:\/\/www.vyrobcikabelu.cz\/sk\/?s={search_term_string}\"},\"query-input\":\"required name=search_term_string\"}],\"inLanguage\":\"sk-SK\"},{\"@type\":\"Person\",\"@id\":\"https:\/\/www.vyrobcikabelu.cz\/sk\/#\/schema\/person\/1ff5b7b8c338eedc932753eb48c970a5\",\"name\":\"Miroslav Trojan\",\"image\":{\"@type\":\"ImageObject\",\"inLanguage\":\"sk-SK\",\"@id\":\"https:\/\/www.vyrobcikabelu.cz\/sk\/#\/schema\/person\/image\/\",\"url\":\"https:\/\/secure.gravatar.com\/avatar\/d302409979883615490a02b1662d7242?s=96&d=mm&r=g\",\"contentUrl\":\"https:\/\/secure.gravatar.com\/avatar\/d302409979883615490a02b1662d7242?s=96&d=mm&r=g\",\"caption\":\"Miroslav Trojan\"},\"url\":\"https:\/\/www.vyrobcikabelu.cz\/sk\/author\/trojan\/\"}]}<\/script>\n<!-- \/ Yoast SEO plugin. -->","yoast_head_json":{"title":"Prvn\u00ed p\u0159ehled d\u011bn\u00ed v kabel\u00e1\u0159sk\u00e9m pr\u016fmyslu roku 2020 - AVK","robots":{"index":"index","follow":"follow","max-snippet":"max-snippet:-1","max-image-preview":"max-image-preview:large","max-video-preview":"max-video-preview:-1"},"canonical":"https:\/\/www.vyrobcikabelu.cz\/sk\/prvni-prehled-deni-v-kabelarskem-prumyslu-roku-2020\/","og_locale":"sk_SK","og_type":"article","og_title":"Prvn\u00ed p\u0159ehled d\u011bn\u00ed v kabel\u00e1\u0159sk\u00e9m pr\u016fmyslu roku 2020 - AVK","og_description":"V\u00e1\u017een\u00ed \u010dten\u00e1\u0159i, d\u011bkuji za V\u00e1\u0161 z\u00e1jem o kabel\u00e1\u0159sk\u00fd pr\u016fmysl. Shrnuji z\u00e1sadn\u00ed ud\u00e1losti za\u010d\u00e1tku roku 2020. Varujeme p\u0159ed nekvalitn\u00edmi v\u00fdrobky AVK zachytila p\u0159i monitoringu kvality trhu s kabely v\u00a0minul\u00e9m m\u011bs\u00edci dal\u0161\u00ed nekvalitn\u00ed v\u00fdrobky od v\u00fdrobce UNAL CABLE Turecko (CYKY), kter\u00e9 distribuuje &hellip; Pokra\u010dova\u0165","og_url":"https:\/\/www.vyrobcikabelu.cz\/sk\/prvni-prehled-deni-v-kabelarskem-prumyslu-roku-2020\/","og_site_name":"AVK","article_published_time":"2020-03-05T17:48:41+00:00","article_modified_time":"2020-03-06T21:23:54+00:00","og_image":[{"width":1000,"height":665,"url":"https:\/\/www.vyrobcikabelu.cz\/wp-content\/uploads\/2018\/04\/MS15990_1A.jpg","type":"image\/jpeg"}],"author":"Miroslav Trojan","twitter_card":"summary_large_image","twitter_misc":{"Autor":"Miroslav Trojan","Predpokladan\u00fd \u010das \u010d\u00edtania":"3 min\u00faty"},"schema":{"@context":"https:\/\/schema.org","@graph":[{"@type":"WebPage","@id":"https:\/\/www.vyrobcikabelu.cz\/sk\/prvni-prehled-deni-v-kabelarskem-prumyslu-roku-2020\/","url":"https:\/\/www.vyrobcikabelu.cz\/sk\/prvni-prehled-deni-v-kabelarskem-prumyslu-roku-2020\/","name":"Prvn\u00ed p\u0159ehled d\u011bn\u00ed v kabel\u00e1\u0159sk\u00e9m pr\u016fmyslu roku 2020 - AVK","isPartOf":{"@id":"https:\/\/www.vyrobcikabelu.cz\/sk\/#website"},"datePublished":"2020-03-05T17:48:41+00:00","dateModified":"2020-03-06T21:23:54+00:00","author":{"@id":"https:\/\/www.vyrobcikabelu.cz\/sk\/#\/schema\/person\/1ff5b7b8c338eedc932753eb48c970a5"},"breadcrumb":{"@id":"https:\/\/www.vyrobcikabelu.cz\/sk\/prvni-prehled-deni-v-kabelarskem-prumyslu-roku-2020\/#breadcrumb"},"inLanguage":"sk-SK","potentialAction":[{"@type":"ReadAction","target":["https:\/\/www.vyrobcikabelu.cz\/sk\/prvni-prehled-deni-v-kabelarskem-prumyslu-roku-2020\/"]}]},{"@type":"BreadcrumbList","@id":"https:\/\/www.vyrobcikabelu.cz\/sk\/prvni-prehled-deni-v-kabelarskem-prumyslu-roku-2020\/#breadcrumb","itemListElement":[{"@type":"ListItem","position":1,"name":"Dom\u016f","item":"https:\/\/www.vyrobcikabelu.cz\/sk\/"},{"@type":"ListItem","position":2,"name":"Prvn\u00ed p\u0159ehled d\u011bn\u00ed v kabel\u00e1\u0159sk\u00e9m pr\u016fmyslu roku 2020"}]},{"@type":"WebSite","@id":"https:\/\/www.vyrobcikabelu.cz\/sk\/#website","url":"https:\/\/www.vyrobcikabelu.cz\/sk\/","name":"AVK","description":"Dal\u0161\u00ed web pou\u017e\u00edvaj\u00edc\u00ed WordPress","potentialAction":[{"@type":"SearchAction","target":{"@type":"EntryPoint","urlTemplate":"https:\/\/www.vyrobcikabelu.cz\/sk\/?s={search_term_string}"},"query-input":"required name=search_term_string"}],"inLanguage":"sk-SK"},{"@type":"Person","@id":"https:\/\/www.vyrobcikabelu.cz\/sk\/#\/schema\/person\/1ff5b7b8c338eedc932753eb48c970a5","name":"Miroslav Trojan","image":{"@type":"ImageObject","inLanguage":"sk-SK","@id":"https:\/\/www.vyrobcikabelu.cz\/sk\/#\/schema\/person\/image\/","url":"https:\/\/secure.gravatar.com\/avatar\/d302409979883615490a02b1662d7242?s=96&d=mm&r=g","contentUrl":"https:\/\/secure.gravatar.com\/avatar\/d302409979883615490a02b1662d7242?s=96&d=mm&r=g","caption":"Miroslav Trojan"},"url":"https:\/\/www.vyrobcikabelu.cz\/sk\/author\/trojan\/"}]}},"_links":{"self":[{"href":"https:\/\/www.vyrobcikabelu.cz\/sk\/wp-json\/wp\/v2\/posts\/4140"}],"collection":[{"href":"https:\/\/www.vyrobcikabelu.cz\/sk\/wp-json\/wp\/v2\/posts"}],"about":[{"href":"https:\/\/www.vyrobcikabelu.cz\/sk\/wp-json\/wp\/v2\/types\/post"}],"author":[{"embeddable":true,"href":"https:\/\/www.vyrobcikabelu.cz\/sk\/wp-json\/wp\/v2\/users\/25"}],"replies":[{"embeddable":true,"href":"https:\/\/www.vyrobcikabelu.cz\/sk\/wp-json\/wp\/v2\/comments?post=4140"}],"version-history":[{"count":3,"href":"https:\/\/www.vyrobcikabelu.cz\/sk\/wp-json\/wp\/v2\/posts\/4140\/revisions"}],"predecessor-version":[{"id":4148,"href":"https:\/\/www.vyrobcikabelu.cz\/sk\/wp-json\/wp\/v2\/posts\/4140\/revisions\/4148"}],"wp:featuredmedia":[{"embeddable":true,"href":"https:\/\/www.vyrobcikabelu.cz\/sk\/wp-json\/wp\/v2\/media\/2417"}],"wp:attachment":[{"href":"https:\/\/www.vyrobcikabelu.cz\/sk\/wp-json\/wp\/v2\/media?parent=4140"}],"wp:term":[{"taxonomy":"category","embeddable":true,"href":"https:\/\/www.vyrobcikabelu.cz\/sk\/wp-json\/wp\/v2\/categories?post=4140"},{"taxonomy":"post_tag","embeddable":true,"href":"https:\/\/www.vyrobcikabelu.cz\/sk\/wp-json\/wp\/v2\/tags?post=4140"}],"curies":[{"name":"wp","href":"https:\/\/api.w.org\/{rel}","templated":true}]}}