{"id":4323,"date":"2020-06-01T11:54:24","date_gmt":"2020-06-01T11:54:24","guid":{"rendered":"https:\/\/www.vyrobcikabelu.cz\/kabelarske-aktuality-na-zacatku-leta\/"},"modified":"2020-06-01T12:36:56","modified_gmt":"2020-06-01T12:36:56","slug":"kabelarske-aktuality-na-zacatku-leta","status":"publish","type":"post","link":"https:\/\/www.vyrobcikabelu.cz\/sk\/kabelarske-aktuality-na-zacatku-leta\/","title":{"rendered":"Kabel\u00e1\u0159sk\u00e9 aktuality na za\u010d\u00e1tku l\u00e9ta"},"content":{"rendered":"<p><img loading=\"lazy\" decoding=\"async\" class=\"wp-image-4319 alignright\" src=\"https:\/\/www.vyrobcikabelu.cz\/wp-content\/uploads\/2020\/06\/IMG_9363.jpg\" alt=\"\" width=\"562\" height=\"333\" \/>V\u00e1\u017een\u00ed \u010dten\u00e1\u0159i webu AVK,<\/p>\n<p>sou\u010dasn\u00e1 koronavirov\u00e1 situace v\u00fdrazn\u011b ovlivnila zab\u011bhnut\u00fd celospole\u010densk\u00fd \u017eivot ve v\u0161ech oblastech a zd\u00e1lo by se, \u017ee v\u00e1m nem\u00e1 na\u0161e AVK co p\u0159edlo\u017eit nov\u00e9ho. Mohu v\u00e1s ale ubezpe\u010dit fr\u00e1z\u00ed klasika, \u017ee \u201eopak je pravdou\u201c. Kabel\u00e1\u0159sk\u00fd \u017eivot se v\u016fbec nezastavil, experti nepolevuj\u00ed v inovac\u00edch a v\u00fdvoji nov\u00fdch v\u00fdrobk\u016f pro v\u0161echny segmenty trhu. V\u00fdroba se operativn\u011b p\u0159izp\u016fsobila popt\u00e1vk\u00e1m a po\u017eadavk\u016fm z\u00e1kazn\u00edk\u016f p\u0159i dodr\u017eov\u00e1n\u00ed vl\u00e1dn\u00edch na\u0159\u00edzen\u00ed, p\u0159i\u010dem\u017e \u017e\u00e1dn\u00fd v\u00fdrobce nes\u00e1hl k masivn\u00edmu propou\u0161t\u011bn\u00ed zam\u011bstnanc\u016f. AVK nad\u00e1le monitoruje kvalitu kabel\u016f na trz\u00edch a poskytuje podn\u011bty p\u0159\u00edslu\u0161n\u00fdm exekutivn\u00edm org\u00e1n\u016fm k va\u0161\u00ed ochran\u011b a nev\u00e1h\u00e1 prezentovat svoje zji\u0161t\u011bn\u00ed prost\u0159ednictv\u00edm webu AVK, aby se k v\u00e1m varov\u00e1n\u00ed a informace o nekal\u00fdch praktik\u00e1ch dost\u00e1valy co nejd\u0159\u00edve touto efektivn\u00ed cestou. Proto bych v\u00e1s r\u00e1d vyzval, abyste nav\u0161t\u011bvovali i nad\u00e1le webov\u00e9 str\u00e1nky AVK <a href=\"http:\/\/www.vyrobcikabelu.cz\">www.vyrobcikabelu.cz<\/a> nebo <a href=\"http:\/\/www.vyrobcoviakablov.sk\">www.vyrobcoviakablov.sk<\/a>, kde jsou st\u00e1le dopl\u0148ov\u00e1ny zaj\u00edmav\u00e9 informace a \u010dl\u00e1nky z\u00a0kabel\u00e1\u0159sk\u00e9ho oboru a \u017eivota. Va\u0161e podn\u011bty budou pro v\u0161echny p\u0159\u00ednosn\u00e9.<\/p>\n<p><strong>Experti \u010dlensk\u00fdch organizac\u00ed AVK i nad\u00e1le pracuj\u00ed na vzniku nov\u00fdch n\u00e1rodn\u00edch i mezin\u00e1rodn\u00edch v\u00fdrobkov\u00fdch norem a stejn\u011b tak na p\u0159ekladu p\u0159ijat\u00fdch norem pro oba na\u0161e st\u00e1ty a spolupr\u00e1ce s\u00a0Agenturou \u010cAS a \u00daNMS SR je pro n\u011b i nad\u00e1le b\u011b\u017enou sou\u010d\u00e1st\u00ed pracovn\u00edho dne.<\/strong><\/p>\n<p>Za va\u0161i pozornost tak\u00e9 stoj\u00ed vzd\u011bl\u00e1vac\u00ed aktivita <strong>Europacable Brusel<\/strong>, kter\u00e1 ve spolupr\u00e1ci rovn\u011b\u017e s\u00a0na\u0161\u00ed AVK v\u00a0p\u0159ipravila ucelenou informa\u010dn\u00ed a vzd\u011bl\u00e1vac\u00ed kampa\u0148 v\u00a0n\u00e1rodn\u00edch jazyc\u00edch pro tolik diskutovanou t\u00e9matiku CPR \u2013 viz <a href=\"https:\/\/cpr.europacable.eu\/cs\">https:\/\/cpr.europacable.eu\/cs<\/a> nebo <a href=\"https:\/\/cpr.europacable.eu\/sk.\">https:\/\/cpr.europacable.eu\/sk.<\/a><\/p>\n<p>Jedin\u00e9, co jsme museli s odlo\u017eit na podzimn\u00ed term\u00edn, byla p\u0159ipravovan\u00e1 a o\u010dek\u00e1van\u00e1 <a href=\"https:\/\/www.vyrobcikabelu.cz\/prvni-konference-kabely-a-kabelove-systemy-je-pouze-odlozena\/\" target=\"_blank\" rel=\"noopener noreferrer\"><strong>1. konference o kabelech<\/strong><\/a>.<\/p>\n<p>\u00dasp\u011b\u0161n\u00fd den, a hlavn\u011b rozvahu, trp\u011blivost a pevn\u00e9 zdrav\u00ed v\u00e1m do dal\u0161\u00edch dn\u016f p\u0159eje<\/p>\n<p>Ing. Miroslav Trojan<\/p>\n<p>p\u0159edseda Asociace v\u00fdrobc\u016f kabel\u016f a vodi\u010d\u016f<\/p>\n","protected":false},"excerpt":{"rendered":"<p>V\u00e1\u017een\u00ed \u010dten\u00e1\u0159i webu AVK, sou\u010dasn\u00e1 koronavirov\u00e1 situace v\u00fdrazn\u011b ovlivnila zab\u011bhnut\u00fd celospole\u010densk\u00fd \u017eivot ve v\u0161ech oblastech a zd\u00e1lo by se, \u017ee v\u00e1m nem\u00e1 na\u0161e AVK co p\u0159edlo\u017eit nov\u00e9ho. Mohu v\u00e1s ale ubezpe\u010dit fr\u00e1z\u00ed klasika, \u017ee \u201eopak je pravdou\u201c. Kabel\u00e1\u0159sk\u00fd \u017eivot se &hellip; <a href=\"https:\/\/www.vyrobcikabelu.cz\/sk\/kabelarske-aktuality-na-zacatku-leta\/\">Pokra\u010dova\u0165<\/a><\/p>\n","protected":false},"author":25,"featured_media":4320,"comment_status":"open","ping_status":"open","sticky":false,"template":"","format":"standard","meta":{"footnotes":""},"categories":[23],"tags":[],"acf":[],"yoast_head":"<!-- This site is optimized with the Yoast SEO plugin v21.8 - https:\/\/yoast.com\/wordpress\/plugins\/seo\/ -->\n<title>Kabel\u00e1\u0159sk\u00e9 aktuality na za\u010d\u00e1tku l\u00e9ta - AVK<\/title>\n<meta name=\"robots\" content=\"index, follow, max-snippet:-1, max-image-preview:large, max-video-preview:-1\" \/>\n<link rel=\"canonical\" href=\"https:\/\/www.vyrobcikabelu.cz\/sk\/kabelarske-aktuality-na-zacatku-leta\/\" \/>\n<meta property=\"og:locale\" content=\"sk_SK\" \/>\n<meta property=\"og:type\" content=\"article\" \/>\n<meta property=\"og:title\" content=\"Kabel\u00e1\u0159sk\u00e9 aktuality na za\u010d\u00e1tku l\u00e9ta - AVK\" \/>\n<meta property=\"og:description\" content=\"V\u00e1\u017een\u00ed \u010dten\u00e1\u0159i webu AVK, sou\u010dasn\u00e1 koronavirov\u00e1 situace v\u00fdrazn\u011b ovlivnila zab\u011bhnut\u00fd celospole\u010densk\u00fd \u017eivot ve v\u0161ech oblastech a zd\u00e1lo by se, \u017ee v\u00e1m nem\u00e1 na\u0161e AVK co p\u0159edlo\u017eit nov\u00e9ho. Mohu v\u00e1s ale ubezpe\u010dit fr\u00e1z\u00ed klasika, \u017ee \u201eopak je pravdou\u201c. Kabel\u00e1\u0159sk\u00fd \u017eivot se &hellip; Pokra\u010dova\u0165\" \/>\n<meta property=\"og:url\" content=\"https:\/\/www.vyrobcikabelu.cz\/sk\/kabelarske-aktuality-na-zacatku-leta\/\" \/>\n<meta property=\"og:site_name\" content=\"AVK\" \/>\n<meta property=\"article:published_time\" content=\"2020-06-01T11:54:24+00:00\" \/>\n<meta property=\"article:modified_time\" content=\"2020-06-01T12:36:56+00:00\" \/>\n<meta property=\"og:image\" content=\"https:\/\/www.vyrobcikabelu.cz\/wp-content\/uploads\/2020\/06\/IMG_9363-1024x607.jpg\" \/>\n\t<meta property=\"og:image:width\" content=\"1024\" \/>\n\t<meta property=\"og:image:height\" content=\"607\" \/>\n\t<meta property=\"og:image:type\" content=\"image\/jpeg\" \/>\n<meta name=\"author\" content=\"Miroslav Trojan\" \/>\n<meta name=\"twitter:card\" content=\"summary_large_image\" \/>\n<meta name=\"twitter:label1\" content=\"Autor\" \/>\n\t<meta name=\"twitter:data1\" content=\"Miroslav Trojan\" \/>\n\t<meta name=\"twitter:label2\" content=\"Predpokladan\u00fd \u010das \u010d\u00edtania\" \/>\n\t<meta name=\"twitter:data2\" content=\"2 min\u00faty\" \/>\n<script type=\"application\/ld+json\" class=\"yoast-schema-graph\">{\"@context\":\"https:\/\/schema.org\",\"@graph\":[{\"@type\":\"WebPage\",\"@id\":\"https:\/\/www.vyrobcikabelu.cz\/sk\/kabelarske-aktuality-na-zacatku-leta\/\",\"url\":\"https:\/\/www.vyrobcikabelu.cz\/sk\/kabelarske-aktuality-na-zacatku-leta\/\",\"name\":\"Kabel\u00e1\u0159sk\u00e9 aktuality na za\u010d\u00e1tku l\u00e9ta - AVK\",\"isPartOf\":{\"@id\":\"https:\/\/www.vyrobcikabelu.cz\/sk\/#website\"},\"datePublished\":\"2020-06-01T11:54:24+00:00\",\"dateModified\":\"2020-06-01T12:36:56+00:00\",\"author\":{\"@id\":\"https:\/\/www.vyrobcikabelu.cz\/sk\/#\/schema\/person\/1ff5b7b8c338eedc932753eb48c970a5\"},\"breadcrumb\":{\"@id\":\"https:\/\/www.vyrobcikabelu.cz\/sk\/kabelarske-aktuality-na-zacatku-leta\/#breadcrumb\"},\"inLanguage\":\"sk-SK\",\"potentialAction\":[{\"@type\":\"ReadAction\",\"target\":[\"https:\/\/www.vyrobcikabelu.cz\/sk\/kabelarske-aktuality-na-zacatku-leta\/\"]}]},{\"@type\":\"BreadcrumbList\",\"@id\":\"https:\/\/www.vyrobcikabelu.cz\/sk\/kabelarske-aktuality-na-zacatku-leta\/#breadcrumb\",\"itemListElement\":[{\"@type\":\"ListItem\",\"position\":1,\"name\":\"Dom\u016f\",\"item\":\"https:\/\/www.vyrobcikabelu.cz\/sk\/\"},{\"@type\":\"ListItem\",\"position\":2,\"name\":\"Kabel\u00e1\u0159sk\u00e9 aktuality na za\u010d\u00e1tku l\u00e9ta\"}]},{\"@type\":\"WebSite\",\"@id\":\"https:\/\/www.vyrobcikabelu.cz\/sk\/#website\",\"url\":\"https:\/\/www.vyrobcikabelu.cz\/sk\/\",\"name\":\"AVK\",\"description\":\"Dal\u0161\u00ed web pou\u017e\u00edvaj\u00edc\u00ed WordPress\",\"potentialAction\":[{\"@type\":\"SearchAction\",\"target\":{\"@type\":\"EntryPoint\",\"urlTemplate\":\"https:\/\/www.vyrobcikabelu.cz\/sk\/?s={search_term_string}\"},\"query-input\":\"required name=search_term_string\"}],\"inLanguage\":\"sk-SK\"},{\"@type\":\"Person\",\"@id\":\"https:\/\/www.vyrobcikabelu.cz\/sk\/#\/schema\/person\/1ff5b7b8c338eedc932753eb48c970a5\",\"name\":\"Miroslav Trojan\",\"image\":{\"@type\":\"ImageObject\",\"inLanguage\":\"sk-SK\",\"@id\":\"https:\/\/www.vyrobcikabelu.cz\/sk\/#\/schema\/person\/image\/\",\"url\":\"https:\/\/secure.gravatar.com\/avatar\/d302409979883615490a02b1662d7242?s=96&d=mm&r=g\",\"contentUrl\":\"https:\/\/secure.gravatar.com\/avatar\/d302409979883615490a02b1662d7242?s=96&d=mm&r=g\",\"caption\":\"Miroslav Trojan\"},\"url\":\"https:\/\/www.vyrobcikabelu.cz\/sk\/author\/trojan\/\"}]}<\/script>\n<!-- \/ Yoast SEO plugin. -->","yoast_head_json":{"title":"Kabel\u00e1\u0159sk\u00e9 aktuality na za\u010d\u00e1tku l\u00e9ta - AVK","robots":{"index":"index","follow":"follow","max-snippet":"max-snippet:-1","max-image-preview":"max-image-preview:large","max-video-preview":"max-video-preview:-1"},"canonical":"https:\/\/www.vyrobcikabelu.cz\/sk\/kabelarske-aktuality-na-zacatku-leta\/","og_locale":"sk_SK","og_type":"article","og_title":"Kabel\u00e1\u0159sk\u00e9 aktuality na za\u010d\u00e1tku l\u00e9ta - AVK","og_description":"V\u00e1\u017een\u00ed \u010dten\u00e1\u0159i webu AVK, sou\u010dasn\u00e1 koronavirov\u00e1 situace v\u00fdrazn\u011b ovlivnila zab\u011bhnut\u00fd celospole\u010densk\u00fd \u017eivot ve v\u0161ech oblastech a zd\u00e1lo by se, \u017ee v\u00e1m nem\u00e1 na\u0161e AVK co p\u0159edlo\u017eit nov\u00e9ho. Mohu v\u00e1s ale ubezpe\u010dit fr\u00e1z\u00ed klasika, \u017ee \u201eopak je pravdou\u201c. Kabel\u00e1\u0159sk\u00fd \u017eivot se &hellip; Pokra\u010dova\u0165","og_url":"https:\/\/www.vyrobcikabelu.cz\/sk\/kabelarske-aktuality-na-zacatku-leta\/","og_site_name":"AVK","article_published_time":"2020-06-01T11:54:24+00:00","article_modified_time":"2020-06-01T12:36:56+00:00","og_image":[{"width":1024,"height":607,"url":"https:\/\/www.vyrobcikabelu.cz\/wp-content\/uploads\/2020\/06\/IMG_9363-1024x607.jpg","type":"image\/jpeg"}],"author":"Miroslav Trojan","twitter_card":"summary_large_image","twitter_misc":{"Autor":"Miroslav Trojan","Predpokladan\u00fd \u010das \u010d\u00edtania":"2 min\u00faty"},"schema":{"@context":"https:\/\/schema.org","@graph":[{"@type":"WebPage","@id":"https:\/\/www.vyrobcikabelu.cz\/sk\/kabelarske-aktuality-na-zacatku-leta\/","url":"https:\/\/www.vyrobcikabelu.cz\/sk\/kabelarske-aktuality-na-zacatku-leta\/","name":"Kabel\u00e1\u0159sk\u00e9 aktuality na za\u010d\u00e1tku l\u00e9ta - AVK","isPartOf":{"@id":"https:\/\/www.vyrobcikabelu.cz\/sk\/#website"},"datePublished":"2020-06-01T11:54:24+00:00","dateModified":"2020-06-01T12:36:56+00:00","author":{"@id":"https:\/\/www.vyrobcikabelu.cz\/sk\/#\/schema\/person\/1ff5b7b8c338eedc932753eb48c970a5"},"breadcrumb":{"@id":"https:\/\/www.vyrobcikabelu.cz\/sk\/kabelarske-aktuality-na-zacatku-leta\/#breadcrumb"},"inLanguage":"sk-SK","potentialAction":[{"@type":"ReadAction","target":["https:\/\/www.vyrobcikabelu.cz\/sk\/kabelarske-aktuality-na-zacatku-leta\/"]}]},{"@type":"BreadcrumbList","@id":"https:\/\/www.vyrobcikabelu.cz\/sk\/kabelarske-aktuality-na-zacatku-leta\/#breadcrumb","itemListElement":[{"@type":"ListItem","position":1,"name":"Dom\u016f","item":"https:\/\/www.vyrobcikabelu.cz\/sk\/"},{"@type":"ListItem","position":2,"name":"Kabel\u00e1\u0159sk\u00e9 aktuality na za\u010d\u00e1tku l\u00e9ta"}]},{"@type":"WebSite","@id":"https:\/\/www.vyrobcikabelu.cz\/sk\/#website","url":"https:\/\/www.vyrobcikabelu.cz\/sk\/","name":"AVK","description":"Dal\u0161\u00ed web pou\u017e\u00edvaj\u00edc\u00ed WordPress","potentialAction":[{"@type":"SearchAction","target":{"@type":"EntryPoint","urlTemplate":"https:\/\/www.vyrobcikabelu.cz\/sk\/?s={search_term_string}"},"query-input":"required name=search_term_string"}],"inLanguage":"sk-SK"},{"@type":"Person","@id":"https:\/\/www.vyrobcikabelu.cz\/sk\/#\/schema\/person\/1ff5b7b8c338eedc932753eb48c970a5","name":"Miroslav Trojan","image":{"@type":"ImageObject","inLanguage":"sk-SK","@id":"https:\/\/www.vyrobcikabelu.cz\/sk\/#\/schema\/person\/image\/","url":"https:\/\/secure.gravatar.com\/avatar\/d302409979883615490a02b1662d7242?s=96&d=mm&r=g","contentUrl":"https:\/\/secure.gravatar.com\/avatar\/d302409979883615490a02b1662d7242?s=96&d=mm&r=g","caption":"Miroslav Trojan"},"url":"https:\/\/www.vyrobcikabelu.cz\/sk\/author\/trojan\/"}]}},"_links":{"self":[{"href":"https:\/\/www.vyrobcikabelu.cz\/sk\/wp-json\/wp\/v2\/posts\/4323"}],"collection":[{"href":"https:\/\/www.vyrobcikabelu.cz\/sk\/wp-json\/wp\/v2\/posts"}],"about":[{"href":"https:\/\/www.vyrobcikabelu.cz\/sk\/wp-json\/wp\/v2\/types\/post"}],"author":[{"embeddable":true,"href":"https:\/\/www.vyrobcikabelu.cz\/sk\/wp-json\/wp\/v2\/users\/25"}],"replies":[{"embeddable":true,"href":"https:\/\/www.vyrobcikabelu.cz\/sk\/wp-json\/wp\/v2\/comments?post=4323"}],"version-history":[{"count":3,"href":"https:\/\/www.vyrobcikabelu.cz\/sk\/wp-json\/wp\/v2\/posts\/4323\/revisions"}],"predecessor-version":[{"id":4329,"href":"https:\/\/www.vyrobcikabelu.cz\/sk\/wp-json\/wp\/v2\/posts\/4323\/revisions\/4329"}],"wp:featuredmedia":[{"embeddable":true,"href":"https:\/\/www.vyrobcikabelu.cz\/sk\/wp-json\/wp\/v2\/media\/4320"}],"wp:attachment":[{"href":"https:\/\/www.vyrobcikabelu.cz\/sk\/wp-json\/wp\/v2\/media?parent=4323"}],"wp:term":[{"taxonomy":"category","embeddable":true,"href":"https:\/\/www.vyrobcikabelu.cz\/sk\/wp-json\/wp\/v2\/categories?post=4323"},{"taxonomy":"post_tag","embeddable":true,"href":"https:\/\/www.vyrobcikabelu.cz\/sk\/wp-json\/wp\/v2\/tags?post=4323"}],"curies":[{"name":"wp","href":"https:\/\/api.w.org\/{rel}","templated":true}]}}