{"id":4602,"date":"2021-03-17T15:33:33","date_gmt":"2021-03-17T15:33:33","guid":{"rendered":"https:\/\/www.vyrobcikabelu.cz\/prakab-prazska-kabelovna-slavi-100-let-od-sveho-vzniku\/"},"modified":"2021-03-29T14:10:53","modified_gmt":"2021-03-29T14:10:53","slug":"prakab-prazska-kabelovna-slavi-100-let-od-sveho-vzniku","status":"publish","type":"post","link":"https:\/\/www.vyrobcikabelu.cz\/sk\/prakab-prazska-kabelovna-slavi-100-let-od-sveho-vzniku\/","title":{"rendered":"Prakab \u2013 Pra\u017esk\u00e1 kabelovna \u2013 slav\u00ed 100 let od sv\u00e9ho vzniku"},"content":{"rendered":"<p><strong> <img loading=\"lazy\" decoding=\"async\" class=\" wp-image-4597 alignright\" src=\"https:\/\/www.vyrobcikabelu.cz\/wp-content\/uploads\/2021\/03\/Prakab-logo.png\" alt=\"\" width=\"383\" height=\"222\" srcset=\"https:\/\/www.vyrobcikabelu.cz\/wp-content\/uploads\/2021\/03\/Prakab-logo.png 639w, https:\/\/www.vyrobcikabelu.cz\/wp-content\/uploads\/2021\/03\/Prakab-logo-300x174.png 300w\" sizes=\"(max-width: 383px) 100vw, 383px\" \/>Spole\u010dnost Prakab, tradi\u010dn\u00ed v\u00fdrobce kabel\u016f, vznikla v roce 1921, kdy\u017e v\u00fdznamn\u00fd \u010desk\u00fd elektrotechnik a pr\u016fmysln\u00edk Dr. Emil Kolben z\u00edskal v\u011bt\u0161inov\u00fd pod\u00edl v pra\u017esk\u00e9 pobo\u010dce rakousk\u00e9ho podniku Schwechater Kabelwerke GmbH (SKW) a novou firmu zapsal pod ochrannou zn\u00e1mkou PRAKAB (Pra\u017esk\u00e1 kabelovna, s.r.o.). Ji\u017e sto let n\u00e1m tato spole\u010dnost umo\u017e\u0148uje rozv\u00e1d\u011bt elektrickou energii, pou\u017e\u00edvat modern\u00ed technologie a \u017e\u00edt \u017eivot, na kter\u00fd jsme zvykl\u00ed.<\/strong><\/p>\n<h2>Historie spojen\u00e1 se jm\u00e9ny Emil Kolben a Franti\u0161ek K\u0159i\u017e\u00edk<\/h2>\n<p>Firmu zalo\u017eili p\u0159ed v\u00edce ne\u017e sto lety majitel\u00e9 firmy SKW (Schwechater Kabelwerke), v\u00fdrobn\u00edch z\u00e1vod\u016f ve Schwechatu u V\u00eddn\u011b. Pra\u017eskou pobo\u010dku um\u00edst\u011bnou v Hostiva\u0159i v roce 1921 v\u011bt\u0161inov\u00fdm pod\u00edlem p\u0159evzal osobn\u011b Emil Kolben. Tato tov\u00e1rna slou\u017eila jako subdodavatel pro \u010cKD.<\/p>\n<p>Dal\u0161\u00edm zaj\u00edmav\u00fdm momentem v\u00a0historii firmy byl rok 1943, kdy z\u00e1vod f\u00fazoval s K\u0159i\u017e\u00edkovou firmou na v\u00fdrobu m\u011bd\u011bn\u00fdch sou\u010d\u00e1st\u00ed, tak\u017ee svou stopu v historii firmy PRAKAB zanechal i Franti\u0161ek K\u0159i\u017e\u00edk. V roce 1946 byla firma zn\u00e1rodn\u011bna a vznikl n\u00e1rodn\u00ed koncern Kablo Bratislava, kter\u00fd sdru\u017eoval v\u0161echny kabel\u00e1\u0159sk\u00e9 v\u00fdroby p\u016fsob\u00edc\u00ed v t\u00e9 dob\u011b v tehdej\u0161\u00edm \u010ceskoslovensku. V roce 1991 pak byl koncern privatizov\u00e1n a veden\u00ed spole\u010dnosti hledalo partnera pro budouc\u00ed spolupr\u00e1ci a rozvoj firmy. To se poda\u0159ilo v roce 1992, kdy do spole\u010dnosti vstoupila op\u011bt spole\u010dnost SKW. Postupn\u011b se pak op\u011bt stala rodinnou firmou Tremmel\u016f, potomk\u016f p\u016fvodn\u00edch zakladatel\u016f, kte\u0159\u00ed z\u00e1kladn\u00ed k\u00e1men pro spole\u010dnost polo\u017eili ji\u017e v\u00a0roce 1891.<\/p>\n<p>V\u00a0novodob\u00e9 historii firmy do\u0161lo ke zna\u010dn\u00e9mu nav\u00fd\u0161en\u00ed v\u00fdrobn\u00edch mo\u017enost\u00ed a v\u00fdstavb\u011b nov\u00fdch v\u00fdrobn\u00edch hal. V\u00a0sou\u010dasn\u00e9 dob\u011b tak Prakab pat\u0159\u00ed k\u00a0p\u0159edn\u00edm sv\u011btov\u00fdm v\u00fdrobc\u016fm ve sv\u00e9m oboru. Spole\u010dnost v Praze zam\u011bstn\u00e1v\u00e1 p\u0159ibli\u017en\u011b 320 pracovn\u00edk\u016f a v\u011bnuje se i jejich dal\u0161\u00edmu rozvoji a vzd\u011bl\u00e1v\u00e1n\u00ed. Kabely vyroben\u00e9 v hostiva\u0159sk\u00e9 tov\u00e1rn\u011b nach\u00e1zej\u00ed uplatn\u011bn\u00ed nejen na \u010desk\u00e9m trhu, ale zhruba dv\u011b t\u0159etiny v\u00fdroby se vyv\u00e1\u017e\u00ed. Firma p\u016fsob\u00ed p\u0159ev\u00e1\u017en\u011b ve st\u0159edoevropsk\u00e9m teritoriu, tak\u017ee mezi nejv\u011bt\u0161\u00ed odb\u011bratelsk\u00e9 oblasti pat\u0159\u00ed N\u011bmecko, Rakousko a Slovensk\u00e1 republika, ale n\u011bkter\u00e9 produkty spole\u010dnost dod\u00e1v\u00e1 i do vzd\u00e1len\u011bj\u0161\u00edch zem\u00ed, jako je Skandin\u00e1vie nebo Izrael.\u00a0Kl\u00ed\u010dem k\u00a0\u00fasp\u011bchu Prakab je kombinace tradi\u010dn\u00ed v\u00fdroby s\u00a0modern\u00edmi metodami v\u00fdroby a prodeje.<\/p>\n<h2><strong><img loading=\"lazy\" decoding=\"async\" class=\"size-large wp-image-4599 aligncenter\" src=\"https:\/\/www.vyrobcikabelu.cz\/wp-content\/uploads\/2021\/03\/prakab02-1024x717.jpeg\" alt=\"\" width=\"1024\" height=\"717\" srcset=\"https:\/\/www.vyrobcikabelu.cz\/wp-content\/uploads\/2021\/03\/prakab02-1024x717.jpeg 1024w, https:\/\/www.vyrobcikabelu.cz\/wp-content\/uploads\/2021\/03\/prakab02-300x210.jpeg 300w, https:\/\/www.vyrobcikabelu.cz\/wp-content\/uploads\/2021\/03\/prakab02-768x538.jpeg 768w, https:\/\/www.vyrobcikabelu.cz\/wp-content\/uploads\/2021\/03\/prakab02-1320x924.jpeg 1320w, https:\/\/www.vyrobcikabelu.cz\/wp-content\/uploads\/2021\/03\/prakab02.jpeg 1417w\" sizes=\"(max-width: 1024px) 100vw, 1024px\" \/><\/strong><\/h2>\n<h2>Na \u017eeleznici, v energetice i u v\u00e1s doma\u00a0<\/h2>\n<p>Prakab je \u0161pi\u010dkou v\u00a0oblasti po\u017e\u00e1rn\u011b bezpe\u010dnostn\u00edch kabel\u016f, vyu\u017e\u00edvan\u00fdch v\u00a0nejr\u016fzn\u011bj\u0161\u00edch stavb\u00e1ch, kde je z\u00e1sadn\u00edm t\u00e9matem po\u017e\u00e1rn\u00ed bezpe\u010dnost. Jako p\u0159\u00edklady jen z Prahy m\u016f\u017eeme uv\u00e9st nap\u0159. N\u00e1rodn\u00ed Muzeum, pra\u017esk\u00e9 metro, Obchodn\u00ed centrum Chodov, Tunel Blanka nebo Letisko V\u00e1clava Havla. Vedouc\u00edm v\u00fdrobcem je ale tak\u00e9 v\u00a0oblasti \u017eelezni\u010dn\u00edch zabezpe\u010dovac\u00edch kabel\u016f vyu\u017e\u00edvan\u00fdch p\u0159i modernizaci \u017eelezni\u010dn\u00edch trat\u00ed a kabel\u016f s\u00a0vyu\u017eit\u00edm v\u00a0energetice. Vodi\u010de a kabely od spole\u010dnosti Prakab ale najdeme i v\u00a0b\u011b\u017en\u00e9m \u017eivot\u011b ka\u017ed\u00e9 rodiny. Vedou k\u00a0z\u00e1suvk\u00e1m a vyp\u00edna\u010d\u016fm a umo\u017e\u0148uj\u00ed tak pou\u017e\u00edv\u00e1n\u00ed v\u0161ech dom\u00e1c\u00edch p\u0159\u00edstroj\u016f a osv\u011btlen\u00ed. \u201eZa jednu z vlajkov\u00fdch lod\u00ed na\u0161eho v\u00fdrobn\u00edho sortimentu bych ozna\u010dil ohe\u0148retarduj\u00edc\u00ed a ohniodoln\u00e9 vodi\u010de, nicm\u00e9n\u011b velmi siln\u00ed jsme i ve v\u00fdrob\u011b kabel\u016f pro energetiku &#8211; pro distribu\u010dn\u00ed s\u00edt\u011b, kde vyr\u00e1b\u00edme ve velk\u00e9m mno\u017estv\u00ed a v mimo\u0159\u00e1dn\u00e9 kvalit\u011b hlin\u00edkov\u00e9 kabely pro evropsk\u00fd trh,\u201c zd\u016fraz\u0148uje produktov\u00fd mana\u017eer, Ing. Miroslav Kajzr.\u00a0<\/p>\n<h2><strong><img loading=\"lazy\" decoding=\"async\" class=\"size-large wp-image-4595 aligncenter\" src=\"https:\/\/www.vyrobcikabelu.cz\/wp-content\/uploads\/2021\/03\/prakab01-1024x683.jpeg\" alt=\"\" width=\"1024\" height=\"683\" srcset=\"https:\/\/www.vyrobcikabelu.cz\/wp-content\/uploads\/2021\/03\/prakab01-1024x683.jpeg 1024w, https:\/\/www.vyrobcikabelu.cz\/wp-content\/uploads\/2021\/03\/prakab01-300x200.jpeg 300w, https:\/\/www.vyrobcikabelu.cz\/wp-content\/uploads\/2021\/03\/prakab01-768x512.jpeg 768w, https:\/\/www.vyrobcikabelu.cz\/wp-content\/uploads\/2021\/03\/prakab01-1536x1024.jpeg 1536w, https:\/\/www.vyrobcikabelu.cz\/wp-content\/uploads\/2021\/03\/prakab01-2048x1365.jpeg 2048w, https:\/\/www.vyrobcikabelu.cz\/wp-content\/uploads\/2021\/03\/prakab01-1320x880.jpeg 1320w\" sizes=\"(max-width: 1024px) 100vw, 1024px\" \/><\/strong><\/h2>\n<h2>Kvalita a bezpe\u010dnost p\u0159edev\u0161\u00edm<\/h2>\n<p>Ve\u0161ker\u00e9 v\u00fdrobky Prakab nesou ji\u017e od roku 2010 ozna\u010den\u00ed certifik\u00e1tu \u010cesk\u00e1 kvalita. Pro spole\u010dnost je charakteristick\u00e1 otev\u0159enost k\u00a0modernizaci a inovac\u00edm. \u201eV\u011bt\u0161ina lid\u00ed o kabelech moc nep\u0159em\u00fd\u0161l\u00ed, ale ve spole\u010dnosti, kde je v\u0161e propojeno, jsou kabely doslova na ka\u017ed\u00e9m na\u0161em kroku. Sv\u011bt modern\u00edch technologi\u00ed, jak ho zn\u00e1me, by bez kabel\u016f nemohl existovat a my jsme hrd\u00ed, \u017ee jsme sou\u010d\u00e1st\u00ed tohoto procesu,\u201c \u0159\u00edk\u00e1 Ing. Petr Tup\u00fd obchodn\u00ed \u0159editel.<\/p>\n<p>Prakab klade velk\u00fd d\u016fraz tak\u00e9 na v\u00fdvoj nov\u00fdch v\u00fdrobk\u016f, kter\u00fd umo\u017e\u0148uje pru\u017en\u011b reagovat na specifick\u00e9 po\u017eadavky z\u00e1kazn\u00edk\u016f a posunovat vp\u0159ed bezpe\u010dnostn\u00ed standardy v\u00a0cel\u00e9m oboru. Prakab spolupracuje s Asociac\u00ed v\u00fdrobc\u016f kabel\u016f a vodi\u010d\u016f \u010cR a SR (AVK) na vzd\u011bl\u00e1v\u00e1n\u00ed trhu v\u00a0oblasti kvality a upozor\u0148uje na zvy\u0161uj\u00edc\u00ed se mno\u017estv\u00ed nekvalitn\u00edch v\u00fdrobk\u016f, kter\u00e9 se v\u00a0\u010cesk\u00e9 republice objevuj\u00ed. \u201eBezpe\u010dnost na\u0161ich v\u00fdrobk\u016f je pro n\u00e1s na prvn\u00edm m\u00edst\u011b. Instaluj\u00ed se na frekventovan\u00fdch m\u00edstech, kde nelze d\u011blat \u017e\u00e1dn\u00e9 kompromisy, proto\u017ee jsou v\u00a0s\u00e1zce lidsk\u00e9 \u017eivoty,\u201c \u0159\u00edk\u00e1 Ing. Tom\u00e1\u0161 Zieschang jednatel spole\u010dnosti.<\/p>\n<p><em>Foto: Prakab.cz<\/em><\/p>\n","protected":false},"excerpt":{"rendered":"<p>Spole\u010dnost Prakab, tradi\u010dn\u00ed v\u00fdrobce kabel\u016f, vznikla v roce 1921, kdy\u017e v\u00fdznamn\u00fd \u010desk\u00fd elektrotechnik a pr\u016fmysln\u00edk Dr. Emil Kolben z\u00edskal v\u011bt\u0161inov\u00fd pod\u00edl v pra\u017esk\u00e9 pobo\u010dce rakousk\u00e9ho podniku Schwechater Kabelwerke GmbH (SKW) a novou firmu zapsal pod ochrannou zn\u00e1mkou PRAKAB (Pra\u017esk\u00e1 kabelovna, &hellip; <a href=\"https:\/\/www.vyrobcikabelu.cz\/sk\/prakab-prazska-kabelovna-slavi-100-let-od-sveho-vzniku\/\">Pokra\u010dova\u0165<\/a><\/p>\n","protected":false},"author":975908,"featured_media":4600,"comment_status":"open","ping_status":"open","sticky":false,"template":"","format":"standard","meta":{"footnotes":""},"categories":[28],"tags":[],"acf":[],"yoast_head":"<!-- This site is optimized with the Yoast SEO plugin v21.8 - https:\/\/yoast.com\/wordpress\/plugins\/seo\/ -->\n<title>Prakab \u2013 Pra\u017esk\u00e1 kabelovna \u2013 slav\u00ed 100 let od sv\u00e9ho vzniku - AVK<\/title>\n<meta name=\"robots\" content=\"index, follow, max-snippet:-1, max-image-preview:large, max-video-preview:-1\" \/>\n<link rel=\"canonical\" href=\"https:\/\/www.vyrobcikabelu.cz\/sk\/prakab-prazska-kabelovna-slavi-100-let-od-sveho-vzniku\/\" \/>\n<meta property=\"og:locale\" content=\"sk_SK\" \/>\n<meta property=\"og:type\" content=\"article\" \/>\n<meta property=\"og:title\" content=\"Prakab \u2013 Pra\u017esk\u00e1 kabelovna \u2013 slav\u00ed 100 let od sv\u00e9ho vzniku - AVK\" \/>\n<meta property=\"og:description\" content=\"Spole\u010dnost Prakab, tradi\u010dn\u00ed v\u00fdrobce kabel\u016f, vznikla v roce 1921, kdy\u017e v\u00fdznamn\u00fd \u010desk\u00fd elektrotechnik a pr\u016fmysln\u00edk Dr. Emil Kolben z\u00edskal v\u011bt\u0161inov\u00fd pod\u00edl v pra\u017esk\u00e9 pobo\u010dce rakousk\u00e9ho podniku Schwechater Kabelwerke GmbH (SKW) a novou firmu zapsal pod ochrannou zn\u00e1mkou PRAKAB (Pra\u017esk\u00e1 kabelovna, &hellip; Pokra\u010dova\u0165\" \/>\n<meta property=\"og:url\" content=\"https:\/\/www.vyrobcikabelu.cz\/sk\/prakab-prazska-kabelovna-slavi-100-let-od-sveho-vzniku\/\" \/>\n<meta property=\"og:site_name\" content=\"AVK\" \/>\n<meta property=\"article:published_time\" content=\"2021-03-17T15:33:33+00:00\" \/>\n<meta property=\"article:modified_time\" content=\"2021-03-29T14:10:53+00:00\" \/>\n<meta property=\"og:image\" content=\"https:\/\/www.vyrobcikabelu.cz\/wp-content\/uploads\/2021\/03\/prakab02.jpeg\" \/>\n\t<meta property=\"og:image:width\" content=\"1417\" \/>\n\t<meta property=\"og:image:height\" content=\"992\" \/>\n\t<meta property=\"og:image:type\" content=\"image\/jpeg\" \/>\n<meta name=\"author\" content=\"Zuzana Korbelov\u00e1\" \/>\n<meta name=\"twitter:card\" content=\"summary_large_image\" \/>\n<meta name=\"twitter:label1\" content=\"Autor\" \/>\n\t<meta name=\"twitter:data1\" content=\"Zuzana Korbelov\u00e1\" \/>\n\t<meta name=\"twitter:label2\" content=\"Predpokladan\u00fd \u010das \u010d\u00edtania\" \/>\n\t<meta name=\"twitter:data2\" content=\"4 min\u00faty\" \/>\n<script type=\"application\/ld+json\" class=\"yoast-schema-graph\">{\"@context\":\"https:\/\/schema.org\",\"@graph\":[{\"@type\":\"WebPage\",\"@id\":\"https:\/\/www.vyrobcikabelu.cz\/sk\/prakab-prazska-kabelovna-slavi-100-let-od-sveho-vzniku\/\",\"url\":\"https:\/\/www.vyrobcikabelu.cz\/sk\/prakab-prazska-kabelovna-slavi-100-let-od-sveho-vzniku\/\",\"name\":\"Prakab \u2013 Pra\u017esk\u00e1 kabelovna \u2013 slav\u00ed 100 let od sv\u00e9ho vzniku - AVK\",\"isPartOf\":{\"@id\":\"https:\/\/www.vyrobcikabelu.cz\/sk\/#website\"},\"datePublished\":\"2021-03-17T15:33:33+00:00\",\"dateModified\":\"2021-03-29T14:10:53+00:00\",\"author\":{\"@id\":\"https:\/\/www.vyrobcikabelu.cz\/sk\/#\/schema\/person\/5b5828e37566bc8faafa29416cca3dde\"},\"breadcrumb\":{\"@id\":\"https:\/\/www.vyrobcikabelu.cz\/sk\/prakab-prazska-kabelovna-slavi-100-let-od-sveho-vzniku\/#breadcrumb\"},\"inLanguage\":\"sk-SK\",\"potentialAction\":[{\"@type\":\"ReadAction\",\"target\":[\"https:\/\/www.vyrobcikabelu.cz\/sk\/prakab-prazska-kabelovna-slavi-100-let-od-sveho-vzniku\/\"]}]},{\"@type\":\"BreadcrumbList\",\"@id\":\"https:\/\/www.vyrobcikabelu.cz\/sk\/prakab-prazska-kabelovna-slavi-100-let-od-sveho-vzniku\/#breadcrumb\",\"itemListElement\":[{\"@type\":\"ListItem\",\"position\":1,\"name\":\"Dom\u016f\",\"item\":\"https:\/\/www.vyrobcikabelu.cz\/sk\/\"},{\"@type\":\"ListItem\",\"position\":2,\"name\":\"Prakab \u2013 Pra\u017esk\u00e1 kabelovna \u2013 slav\u00ed 100 let od sv\u00e9ho vzniku\"}]},{\"@type\":\"WebSite\",\"@id\":\"https:\/\/www.vyrobcikabelu.cz\/sk\/#website\",\"url\":\"https:\/\/www.vyrobcikabelu.cz\/sk\/\",\"name\":\"AVK\",\"description\":\"Dal\u0161\u00ed web pou\u017e\u00edvaj\u00edc\u00ed WordPress\",\"potentialAction\":[{\"@type\":\"SearchAction\",\"target\":{\"@type\":\"EntryPoint\",\"urlTemplate\":\"https:\/\/www.vyrobcikabelu.cz\/sk\/?s={search_term_string}\"},\"query-input\":\"required name=search_term_string\"}],\"inLanguage\":\"sk-SK\"},{\"@type\":\"Person\",\"@id\":\"https:\/\/www.vyrobcikabelu.cz\/sk\/#\/schema\/person\/5b5828e37566bc8faafa29416cca3dde\",\"name\":\"Zuzana Korbelov\u00e1\",\"image\":{\"@type\":\"ImageObject\",\"inLanguage\":\"sk-SK\",\"@id\":\"https:\/\/www.vyrobcikabelu.cz\/sk\/#\/schema\/person\/image\/\",\"url\":\"https:\/\/secure.gravatar.com\/avatar\/5b1a7ceb9f10880654e2d8c8726f7dc3?s=96&d=mm&r=g\",\"contentUrl\":\"https:\/\/secure.gravatar.com\/avatar\/5b1a7ceb9f10880654e2d8c8726f7dc3?s=96&d=mm&r=g\",\"caption\":\"Zuzana Korbelov\u00e1\"},\"url\":\"https:\/\/www.vyrobcikabelu.cz\/sk\/author\/korbelova\/\"}]}<\/script>\n<!-- \/ Yoast SEO plugin. -->","yoast_head_json":{"title":"Prakab \u2013 Pra\u017esk\u00e1 kabelovna \u2013 slav\u00ed 100 let od sv\u00e9ho vzniku - AVK","robots":{"index":"index","follow":"follow","max-snippet":"max-snippet:-1","max-image-preview":"max-image-preview:large","max-video-preview":"max-video-preview:-1"},"canonical":"https:\/\/www.vyrobcikabelu.cz\/sk\/prakab-prazska-kabelovna-slavi-100-let-od-sveho-vzniku\/","og_locale":"sk_SK","og_type":"article","og_title":"Prakab \u2013 Pra\u017esk\u00e1 kabelovna \u2013 slav\u00ed 100 let od sv\u00e9ho vzniku - AVK","og_description":"Spole\u010dnost Prakab, tradi\u010dn\u00ed v\u00fdrobce kabel\u016f, vznikla v roce 1921, kdy\u017e v\u00fdznamn\u00fd \u010desk\u00fd elektrotechnik a pr\u016fmysln\u00edk Dr. Emil Kolben z\u00edskal v\u011bt\u0161inov\u00fd pod\u00edl v pra\u017esk\u00e9 pobo\u010dce rakousk\u00e9ho podniku Schwechater Kabelwerke GmbH (SKW) a novou firmu zapsal pod ochrannou zn\u00e1mkou PRAKAB (Pra\u017esk\u00e1 kabelovna, &hellip; Pokra\u010dova\u0165","og_url":"https:\/\/www.vyrobcikabelu.cz\/sk\/prakab-prazska-kabelovna-slavi-100-let-od-sveho-vzniku\/","og_site_name":"AVK","article_published_time":"2021-03-17T15:33:33+00:00","article_modified_time":"2021-03-29T14:10:53+00:00","og_image":[{"width":1417,"height":992,"url":"https:\/\/www.vyrobcikabelu.cz\/wp-content\/uploads\/2021\/03\/prakab02.jpeg","type":"image\/jpeg"}],"author":"Zuzana Korbelov\u00e1","twitter_card":"summary_large_image","twitter_misc":{"Autor":"Zuzana Korbelov\u00e1","Predpokladan\u00fd \u010das \u010d\u00edtania":"4 min\u00faty"},"schema":{"@context":"https:\/\/schema.org","@graph":[{"@type":"WebPage","@id":"https:\/\/www.vyrobcikabelu.cz\/sk\/prakab-prazska-kabelovna-slavi-100-let-od-sveho-vzniku\/","url":"https:\/\/www.vyrobcikabelu.cz\/sk\/prakab-prazska-kabelovna-slavi-100-let-od-sveho-vzniku\/","name":"Prakab \u2013 Pra\u017esk\u00e1 kabelovna \u2013 slav\u00ed 100 let od sv\u00e9ho vzniku - AVK","isPartOf":{"@id":"https:\/\/www.vyrobcikabelu.cz\/sk\/#website"},"datePublished":"2021-03-17T15:33:33+00:00","dateModified":"2021-03-29T14:10:53+00:00","author":{"@id":"https:\/\/www.vyrobcikabelu.cz\/sk\/#\/schema\/person\/5b5828e37566bc8faafa29416cca3dde"},"breadcrumb":{"@id":"https:\/\/www.vyrobcikabelu.cz\/sk\/prakab-prazska-kabelovna-slavi-100-let-od-sveho-vzniku\/#breadcrumb"},"inLanguage":"sk-SK","potentialAction":[{"@type":"ReadAction","target":["https:\/\/www.vyrobcikabelu.cz\/sk\/prakab-prazska-kabelovna-slavi-100-let-od-sveho-vzniku\/"]}]},{"@type":"BreadcrumbList","@id":"https:\/\/www.vyrobcikabelu.cz\/sk\/prakab-prazska-kabelovna-slavi-100-let-od-sveho-vzniku\/#breadcrumb","itemListElement":[{"@type":"ListItem","position":1,"name":"Dom\u016f","item":"https:\/\/www.vyrobcikabelu.cz\/sk\/"},{"@type":"ListItem","position":2,"name":"Prakab \u2013 Pra\u017esk\u00e1 kabelovna \u2013 slav\u00ed 100 let od sv\u00e9ho vzniku"}]},{"@type":"WebSite","@id":"https:\/\/www.vyrobcikabelu.cz\/sk\/#website","url":"https:\/\/www.vyrobcikabelu.cz\/sk\/","name":"AVK","description":"Dal\u0161\u00ed web pou\u017e\u00edvaj\u00edc\u00ed WordPress","potentialAction":[{"@type":"SearchAction","target":{"@type":"EntryPoint","urlTemplate":"https:\/\/www.vyrobcikabelu.cz\/sk\/?s={search_term_string}"},"query-input":"required name=search_term_string"}],"inLanguage":"sk-SK"},{"@type":"Person","@id":"https:\/\/www.vyrobcikabelu.cz\/sk\/#\/schema\/person\/5b5828e37566bc8faafa29416cca3dde","name":"Zuzana Korbelov\u00e1","image":{"@type":"ImageObject","inLanguage":"sk-SK","@id":"https:\/\/www.vyrobcikabelu.cz\/sk\/#\/schema\/person\/image\/","url":"https:\/\/secure.gravatar.com\/avatar\/5b1a7ceb9f10880654e2d8c8726f7dc3?s=96&d=mm&r=g","contentUrl":"https:\/\/secure.gravatar.com\/avatar\/5b1a7ceb9f10880654e2d8c8726f7dc3?s=96&d=mm&r=g","caption":"Zuzana Korbelov\u00e1"},"url":"https:\/\/www.vyrobcikabelu.cz\/sk\/author\/korbelova\/"}]}},"_links":{"self":[{"href":"https:\/\/www.vyrobcikabelu.cz\/sk\/wp-json\/wp\/v2\/posts\/4602"}],"collection":[{"href":"https:\/\/www.vyrobcikabelu.cz\/sk\/wp-json\/wp\/v2\/posts"}],"about":[{"href":"https:\/\/www.vyrobcikabelu.cz\/sk\/wp-json\/wp\/v2\/types\/post"}],"author":[{"embeddable":true,"href":"https:\/\/www.vyrobcikabelu.cz\/sk\/wp-json\/wp\/v2\/users\/975908"}],"replies":[{"embeddable":true,"href":"https:\/\/www.vyrobcikabelu.cz\/sk\/wp-json\/wp\/v2\/comments?post=4602"}],"version-history":[{"count":1,"href":"https:\/\/www.vyrobcikabelu.cz\/sk\/wp-json\/wp\/v2\/posts\/4602\/revisions"}],"predecessor-version":[{"id":4603,"href":"https:\/\/www.vyrobcikabelu.cz\/sk\/wp-json\/wp\/v2\/posts\/4602\/revisions\/4603"}],"wp:featuredmedia":[{"embeddable":true,"href":"https:\/\/www.vyrobcikabelu.cz\/sk\/wp-json\/wp\/v2\/media\/4600"}],"wp:attachment":[{"href":"https:\/\/www.vyrobcikabelu.cz\/sk\/wp-json\/wp\/v2\/media?parent=4602"}],"wp:term":[{"taxonomy":"category","embeddable":true,"href":"https:\/\/www.vyrobcikabelu.cz\/sk\/wp-json\/wp\/v2\/categories?post=4602"},{"taxonomy":"post_tag","embeddable":true,"href":"https:\/\/www.vyrobcikabelu.cz\/sk\/wp-json\/wp\/v2\/tags?post=4602"}],"curies":[{"name":"wp","href":"https:\/\/api.w.org\/{rel}","templated":true}]}}