{"id":4640,"date":"2021-04-15T15:35:41","date_gmt":"2021-04-15T15:35:41","guid":{"rendered":"https:\/\/www.vyrobcikabelu.cz\/?p=4640"},"modified":"2021-04-16T10:53:19","modified_gmt":"2021-04-16T10:53:19","slug":"cu-a-al-roste-k-rekordnim-historickym-hodnotam","status":"publish","type":"post","link":"https:\/\/www.vyrobcikabelu.cz\/sk\/cu-a-al-roste-k-rekordnim-historickym-hodnotam\/","title":{"rendered":"Cu a dal\u0161\u00ed suroviny rostou k rekordn\u00edm historick\u00fdm hodnot\u00e1m"},"content":{"rendered":"<p><strong>V\u0161udyp\u0159\u00edtomn\u00e1 pandemie se prom\u00edt\u00e1 ve v\u0161ech podob\u00e1ch do osobn\u00edch \u017eivot\u016f, ale i do na\u0161eho kabel\u00e1\u0159sk\u00e9ho oboru. V\u00a0d\u0159\u00edv\u011bj\u0161\u00edch \u010dl\u00e1nc\u00edch jsem v\u00e1s informoval o tom, \u017ee v\u00fdrobci kabel\u016f zapojen\u00ed v\u00a0AVK zvl\u00e1dali v\u0161echna hygienick\u00e1 opat\u0159en\u00ed a vl\u00e1dn\u00ed na\u0159\u00edzen\u00ed a enormn\u00edm \u00fasil\u00edm se jim da\u0159ilo plnit ve\u0161ker\u00e9 z\u00e1vazky ke sv\u00fdm obchodn\u00edm partner\u016fm, zam\u011bstnanc\u016fm i vlastn\u00edk\u016fm. Mohu s\u00a0hrdost\u00ed potvrdit, \u017ee se na uveden\u00e9m \u00fasil\u00ed do dne\u0161n\u00edho dne nem\u011bn\u00ed nic a kabel\u00e1\u0159sk\u00fd obor funguje st\u00e1le velmi zodpov\u011bdn\u011b.<\/strong><\/p>\n<p><img loading=\"lazy\" decoding=\"async\" class=\"wp-image-4631 aligncenter\" src=\"https:\/\/www.vyrobcikabelu.cz\/wp-content\/uploads\/2021\/04\/account-hand-business-busy-professional-1024x683.jpg\" alt=\"\" width=\"1043\" height=\"695\" srcset=\"https:\/\/www.vyrobcikabelu.cz\/wp-content\/uploads\/2021\/04\/account-hand-business-busy-professional-1024x683.jpg 1024w, https:\/\/www.vyrobcikabelu.cz\/wp-content\/uploads\/2021\/04\/account-hand-business-busy-professional-300x200.jpg 300w, https:\/\/www.vyrobcikabelu.cz\/wp-content\/uploads\/2021\/04\/account-hand-business-busy-professional-768x512.jpg 768w, https:\/\/www.vyrobcikabelu.cz\/wp-content\/uploads\/2021\/04\/account-hand-business-busy-professional-1536x1024.jpg 1536w, https:\/\/www.vyrobcikabelu.cz\/wp-content\/uploads\/2021\/04\/account-hand-business-busy-professional-2048x1365.jpg 2048w, https:\/\/www.vyrobcikabelu.cz\/wp-content\/uploads\/2021\/04\/account-hand-business-busy-professional-1320x880.jpg 1320w\" sizes=\"(max-width: 1043px) 100vw, 1043px\" \/><\/p>\n<p>Dlouhotrvaj\u00edc\u00ed celosv\u011btov\u00e1 pandemick\u00e1 situace se v\u0161ak nesmlouvav\u011b a negativn\u011b st\u00e1le v\u00edce projevuje v\u00a0dodavatelsko-odb\u011bratelsk\u00fdch vazb\u00e1ch. <a href=\"https:\/\/www.vyrobcikabelu.cz\/vyvoj-cen-medi-a-hliniku\/\" target=\"_blank\" rel=\"noopener noreferrer\">Cena ost\u0159e sledovan\u00e9 Cu a Al<\/a> roste k rekordn\u00edm historick\u00fdm hodnot\u00e1m a doch\u00e1z\u00ed tak\u00e9 k\u00a0pot\u00ed\u017e\u00edm v dod\u00e1vk\u00e1ch izola\u010dn\u00edch a pl\u00e1\u0161\u0165ov\u00fdch materi\u00e1l\u016f a jejich komponent\u016f pro v\u00fdrobu kabel\u016f a jejich nedostatek na sv\u011btov\u00fdch trz\u00edch se prom\u00edt\u00e1 do dramatick\u00e9ho r\u016fstu vstupn\u00edch cen pro v\u00fdrobu.<\/p>\n<h2>Dlouhodob\u00fd v\u00fdvoj cen m\u011bdi<\/h2>\n<h2><img loading=\"lazy\" decoding=\"async\" class=\"size-full wp-image-4643 aligncenter\" src=\"https:\/\/www.vyrobcikabelu.cz\/wp-content\/uploads\/2021\/04\/vyvoj-cen-medi-dlouhodoby.png\" alt=\"\" width=\"941\" height=\"578\" srcset=\"https:\/\/www.vyrobcikabelu.cz\/wp-content\/uploads\/2021\/04\/vyvoj-cen-medi-dlouhodoby.png 941w, https:\/\/www.vyrobcikabelu.cz\/wp-content\/uploads\/2021\/04\/vyvoj-cen-medi-dlouhodoby-300x184.png 300w, https:\/\/www.vyrobcikabelu.cz\/wp-content\/uploads\/2021\/04\/vyvoj-cen-medi-dlouhodoby-768x472.png 768w\" sizes=\"(max-width: 941px) 100vw, 941px\" \/><\/h2>\n<h2><strong>PVC zdra\u017euje a\u017e o 40 %<\/strong><\/h2>\n<p>N\u011bkolikam\u011bs\u00ed\u010dn\u00ed pot\u00ed\u017ee\u00a0s dod\u00e1vkami\u00a0PVC jsou spojeny se stoupaj\u00edc\u00edm nedostatkem\u00a0z\u00e1kladn\u00ed suroviny. Chyb\u00ed PVC\u00a0pr\u00e1\u0161ek\u00a0a\u00a0od po\u010d\u00e1tku roku 2021 je nedostatek\u00a0zm\u011bk\u010dovadla. Ob\u011b suroviny \u2013 pokud je lze v\u016fbec z\u00edskat v\u00a0pot\u0159ebn\u00e9m mno\u017estv\u00ed \u2013 ne\u00fam\u011brn\u011b rostou v\u00a0cen\u011b. <strong>PVC se tak zdra\u017euje a\u017e o 40 %.<\/strong> D\u016fvodem cenov\u00e9ho r\u016fstu je krom\u011b pl\u00e1novan\u00fdch odst\u00e1vek u n\u011bkolika evropsk\u00fdch v\u00fdrobc\u016f PVC tak\u00e9 vy\u010derp\u00e1n\u00ed z\u00e1sob, ale hlavn\u011b celosv\u011btov\u00fd nedostatek VCM (monomer vinylchloridu). V\u00fdznamn\u00ed v\u00fdrobci\u00a0VCM z USA, Japonska a Koreje od \u0159\u00edjna 2020\u00a0zredukovali export VCM do Evropy. Redukci vyvolaly tak\u00e9 nepl\u00e1novan\u00e9 v\u00fdpadky americk\u00fdch producent\u016f a zhor\u0161en\u00e1 logistick\u00e1\u00a0cesta z\u00a0Asie do Evropy. Jde hlavn\u011b o zn\u00e1m\u00fd nedostatek kontejner\u016f. \u00a0Chyb\u011bj\u00edc\u00ed VCM v\u0161ak nelze rychle nahradit. Vinou pandemie tak\u00e9 do\u0161lo omezen\u00ed spot\u0159eby pohonn\u00fdch hmot a t\u00edm i ropy a VCM je jako\u017eto vedlej\u0161\u00ed produkt p\u0159i zpracov\u00e1n\u00ed ropy na vyroben\u00e9m mno\u017estv\u00ed pohonn\u00fdch l\u00e1tek p\u0159\u00edmo z\u00e1visl\u00fd. N\u011bkter\u00fdm v\u00fdrobc\u016fm se proto v\u016fbec nevyplat\u00ed zapnout v\u00fdrobn\u00ed reaktor (cracker).<\/p>\n<p>Co se t\u00fdk\u00e1 zm\u011bk\u010dovadla do PVC sm\u011bs\u00ed (nutn\u00e9 p\u0159\u00edm\u011bsi do kabelov\u00fdch isola\u010dn\u00edch vrstev), tak zcela ne\u010dekan\u011b zastavily v\u00fdrobu dv\u011b v\u00fdznamn\u00e9 evropsk\u00e9 chemi\u010dky, shodou n\u00e1hod ob\u011b v\u00a0N\u011bmecku a shodou n\u00e1hod ob\u011b z d\u016fvod\u016f vy\u0161\u0161\u00ed moci. Zm\u011bk\u010dovadlo, kapalnou l\u00e1tku, dnes mus\u00ed v\u00fdrobci PVC sm\u011bs\u00ed, stejn\u011b tak jako ti v\u00fdrobci kabel\u016f, kte\u0159\u00ed si PVC sami m\u00edchaj\u00ed, dov\u00e1\u017eet z\u00a0velmi vzd\u00e1len\u00fdch destinac\u00ed. To samoz\u0159ejm\u011b vede k\u00a0dal\u0161\u00edmu zdra\u017een\u00ed izola\u010dn\u00edch materi\u00e1l\u016f.<\/p>\n<h2><strong>Ethylen C2 vzrostl od listopadu 2020 o 33 %<\/strong><\/h2>\n<p>Ethylen C2, kter\u00fd je z\u00e1kladn\u00ed surovina pro v\u00fdrobu polyethylenu (PE). \u00a0<strong>Cena\u00a0t\u00e9to slo\u017eky vzrostla od\u00a0listopadu 2020\u00a0o 33 %<\/strong> (stav b\u0159ezen 2021). D\u016fvody pro tento n\u00e1r\u016fst cen je velmi podobn\u00fd jako u PVC.\u00a0Nepl\u00e1novan\u00e9 odst\u00e1vky reaktor\u016f v\u00fdrobc\u016f PE v\u00a0Evrop\u011b a\u00a0vysok\u00e1 spot\u0159eba\u00a0ethylenu\u00a0v\u00a0\u010c\u00edn\u011b zp\u016fsobily, \u017ee\u00a0rozhoduj\u00edc\u00ed v\u00fdrobci\u00a0ethylenu v\u00a0USA dod\u00e1vaj\u00ed ve\u0161kerou produkci do ekonomicky zaj\u00edmav\u011bj\u0161\u00ed Asie. Nen\u00ed bez zaj\u00edmavosti, \u017ee o\u010dek\u00e1van\u00e1 vy\u0161\u0161\u00ed spot\u0159eba PE pro l\u00e9ka\u0159sk\u00e9 \u00fa\u010dely se nenaplnila, proto\u017ee covidov\u00e1 l\u00e9\u010dba spot\u0159ebov\u00e1v\u00e1 \u0159\u00e1dov\u011b m\u00e9n\u011b PE ne\u017e standardn\u00ed \u201eb\u011b\u017en\u00e9\u201c l\u00e9ka\u0159sk\u00e9 \u00fakony v\u00a0nemocnic\u00edch, kter\u00e9 jsou nyn\u00ed utlumen\u00e9. T\u00edm do\u0161lo k\u00a0zastaven\u00ed v\u00fdroby t\u011bchto produkt\u016f v\u00a0Evrop\u011b a dal\u0161\u00edmu nav\u00fd\u0161en\u00ed pot\u0159eby dovozu polyethylenov\u00fdch v\u00fdrobk\u016f z\u00a0Asie, co\u017e s\u00a0sebou ponese dal\u0161\u00ed cenov\u00e1 nav\u00fd\u0161en\u00ed PE v\u00a0dal\u0161\u00edm obdob\u00ed roku 2021, umocn\u011bn\u00e9 rostouc\u00edmi a signifikantn\u011b nedostatkov\u00fdmi dopravn\u00edmi n\u00e1klady.<\/p>\n<p>Soub\u011bh v\u00fd\u0161e uveden\u00fdch faktor\u016f (ke kter\u00fdm se p\u0159id\u00e1v\u00e1 je\u0161t\u011b nap\u0159. r\u016fst cen energi\u00ed a mzdov\u00fdch n\u00e1klad\u016f) vede k\u00a0v\u00fdznamn\u00e9mu r\u016fstu n\u00e1kladovosti ve v\u00fdrob\u011b kabel\u016f a vodi\u010d\u016f v\u0161ech typ\u016f. V\u00fdrobci ji\u017e nebudou schopni vysok\u00e9 ceny vstup\u016f sami kompenzovat a jsou ji\u017e nyn\u00ed nuceni p\u0159istupovat k\u00a0n\u011bkter\u00fdm nepopul\u00e1rn\u00edm cenov\u00fdm opat\u0159en\u00edm. Dramaticky rostouc\u00ed ceny vstup\u016f a velmi \u010dast\u00e1 nedostupnost surovin povedou i na \u010desk\u00e9m a slovensk\u00e9m trhu nutn\u011b ke zv\u00fd\u0161en\u00ed cen kabel\u016f a vodi\u010d\u016f na stavb\u00e1ch, v\u00a0energetice, v telekomunikac\u00edch \u2013 prost\u011b ve v\u0161ech segmentech trhu. N\u011bkte\u0159\u00ed v\u00fdrobci ji\u017e dopisem p\u0159\u00edmo oslovily svoje obchodn\u00ed partnery a o v\u00fd\u0161e uveden\u00e9 situaci je postupn\u011b informovali a informuj\u00ed.<\/p>\n<p>Nastal\u00e1 situace by se mohla tak uklidnit samoz\u0159ejm\u011b po zvl\u00e1dnut\u00ed pandemick\u00e9 situace, po nasycen\u00ed pot\u0159eb v\u00a0\u010c\u00edn\u011b, Turecku a Indii a po op\u011btovn\u00e9m nastartov\u00e1n\u00ed v\u00fdrob v\u00a0Evrop\u011b a rovn\u011b\u017e po zklidn\u011bn\u00ed probl\u00e9m\u016f s\u00a0mezin\u00e1rodn\u00ed dopravou t\u011bchto v\u00edce velmi objemn\u00fdch materi\u00e1l\u016f, o \u010dem\u017e v\u00e1s samoz\u0159ejm\u011b budu r\u00e1d informovat.<\/p>\n","protected":false},"excerpt":{"rendered":"<p>V\u0161udyp\u0159\u00edtomn\u00e1 pandemie se prom\u00edt\u00e1 ve v\u0161ech podob\u00e1ch do osobn\u00edch \u017eivot\u016f, ale i do na\u0161eho kabel\u00e1\u0159sk\u00e9ho oboru. V\u00a0d\u0159\u00edv\u011bj\u0161\u00edch \u010dl\u00e1nc\u00edch jsem v\u00e1s informoval o tom, \u017ee v\u00fdrobci kabel\u016f zapojen\u00ed v\u00a0AVK zvl\u00e1dali v\u0161echna hygienick\u00e1 opat\u0159en\u00ed a vl\u00e1dn\u00ed na\u0159\u00edzen\u00ed a enormn\u00edm \u00fasil\u00edm se jim &hellip; <a href=\"https:\/\/www.vyrobcikabelu.cz\/sk\/cu-a-al-roste-k-rekordnim-historickym-hodnotam\/\">Pokra\u010dova\u0165<\/a><\/p>\n","protected":false},"author":3,"featured_media":4632,"comment_status":"open","ping_status":"open","sticky":false,"template":"","format":"standard","meta":{"footnotes":""},"categories":[21],"tags":[],"acf":[],"yoast_head":"<!-- This site is optimized with the Yoast SEO plugin v21.8 - https:\/\/yoast.com\/wordpress\/plugins\/seo\/ -->\n<title>Cu a dal\u0161\u00ed suroviny rostou k rekordn\u00edm historick\u00fdm hodnot\u00e1m - AVK<\/title>\n<meta name=\"robots\" content=\"index, follow, max-snippet:-1, max-image-preview:large, max-video-preview:-1\" \/>\n<link rel=\"canonical\" href=\"https:\/\/www.vyrobcikabelu.cz\/sk\/cu-a-al-roste-k-rekordnim-historickym-hodnotam\/\" \/>\n<meta property=\"og:locale\" content=\"sk_SK\" \/>\n<meta property=\"og:type\" content=\"article\" \/>\n<meta property=\"og:title\" content=\"Cu a dal\u0161\u00ed suroviny rostou k rekordn\u00edm historick\u00fdm hodnot\u00e1m - AVK\" \/>\n<meta property=\"og:description\" content=\"V\u0161udyp\u0159\u00edtomn\u00e1 pandemie se prom\u00edt\u00e1 ve v\u0161ech podob\u00e1ch do osobn\u00edch \u017eivot\u016f, ale i do na\u0161eho kabel\u00e1\u0159sk\u00e9ho oboru. V\u00a0d\u0159\u00edv\u011bj\u0161\u00edch \u010dl\u00e1nc\u00edch jsem v\u00e1s informoval o tom, \u017ee v\u00fdrobci kabel\u016f zapojen\u00ed v\u00a0AVK zvl\u00e1dali v\u0161echna hygienick\u00e1 opat\u0159en\u00ed a vl\u00e1dn\u00ed na\u0159\u00edzen\u00ed a enormn\u00edm \u00fasil\u00edm se jim &hellip; Pokra\u010dova\u0165\" \/>\n<meta property=\"og:url\" content=\"https:\/\/www.vyrobcikabelu.cz\/sk\/cu-a-al-roste-k-rekordnim-historickym-hodnotam\/\" \/>\n<meta property=\"og:site_name\" content=\"AVK\" \/>\n<meta property=\"article:published_time\" content=\"2021-04-15T15:35:41+00:00\" \/>\n<meta property=\"article:modified_time\" content=\"2021-04-16T10:53:19+00:00\" \/>\n<meta property=\"og:image\" content=\"https:\/\/www.vyrobcikabelu.cz\/wp-content\/uploads\/2021\/04\/account-hand-business-busy-professional-1024x683.jpg\" \/>\n\t<meta property=\"og:image:width\" content=\"1024\" \/>\n\t<meta property=\"og:image:height\" content=\"683\" \/>\n\t<meta property=\"og:image:type\" content=\"image\/jpeg\" \/>\n<meta name=\"author\" content=\"adminAtlanticStudio\" \/>\n<meta name=\"twitter:card\" content=\"summary_large_image\" \/>\n<meta name=\"twitter:label1\" content=\"Autor\" \/>\n\t<meta name=\"twitter:data1\" content=\"adminAtlanticStudio\" \/>\n\t<meta name=\"twitter:label2\" content=\"Predpokladan\u00fd \u010das \u010d\u00edtania\" \/>\n\t<meta name=\"twitter:data2\" content=\"5 min\u00fat\" \/>\n<script type=\"application\/ld+json\" class=\"yoast-schema-graph\">{\"@context\":\"https:\/\/schema.org\",\"@graph\":[{\"@type\":\"WebPage\",\"@id\":\"https:\/\/www.vyrobcikabelu.cz\/sk\/cu-a-al-roste-k-rekordnim-historickym-hodnotam\/\",\"url\":\"https:\/\/www.vyrobcikabelu.cz\/sk\/cu-a-al-roste-k-rekordnim-historickym-hodnotam\/\",\"name\":\"Cu a dal\u0161\u00ed suroviny rostou k rekordn\u00edm historick\u00fdm hodnot\u00e1m - AVK\",\"isPartOf\":{\"@id\":\"https:\/\/www.vyrobcikabelu.cz\/sk\/#website\"},\"datePublished\":\"2021-04-15T15:35:41+00:00\",\"dateModified\":\"2021-04-16T10:53:19+00:00\",\"author\":{\"@id\":\"https:\/\/www.vyrobcikabelu.cz\/sk\/#\/schema\/person\/dd273d2fee892a390dafe59113ec0f02\"},\"breadcrumb\":{\"@id\":\"https:\/\/www.vyrobcikabelu.cz\/sk\/cu-a-al-roste-k-rekordnim-historickym-hodnotam\/#breadcrumb\"},\"inLanguage\":\"sk-SK\",\"potentialAction\":[{\"@type\":\"ReadAction\",\"target\":[\"https:\/\/www.vyrobcikabelu.cz\/sk\/cu-a-al-roste-k-rekordnim-historickym-hodnotam\/\"]}]},{\"@type\":\"BreadcrumbList\",\"@id\":\"https:\/\/www.vyrobcikabelu.cz\/sk\/cu-a-al-roste-k-rekordnim-historickym-hodnotam\/#breadcrumb\",\"itemListElement\":[{\"@type\":\"ListItem\",\"position\":1,\"name\":\"Dom\u016f\",\"item\":\"https:\/\/www.vyrobcikabelu.cz\/sk\/\"},{\"@type\":\"ListItem\",\"position\":2,\"name\":\"Cu a dal\u0161\u00ed suroviny rostou k rekordn\u00edm historick\u00fdm hodnot\u00e1m\"}]},{\"@type\":\"WebSite\",\"@id\":\"https:\/\/www.vyrobcikabelu.cz\/sk\/#website\",\"url\":\"https:\/\/www.vyrobcikabelu.cz\/sk\/\",\"name\":\"AVK\",\"description\":\"Dal\u0161\u00ed web pou\u017e\u00edvaj\u00edc\u00ed WordPress\",\"potentialAction\":[{\"@type\":\"SearchAction\",\"target\":{\"@type\":\"EntryPoint\",\"urlTemplate\":\"https:\/\/www.vyrobcikabelu.cz\/sk\/?s={search_term_string}\"},\"query-input\":\"required name=search_term_string\"}],\"inLanguage\":\"sk-SK\"},{\"@type\":\"Person\",\"@id\":\"https:\/\/www.vyrobcikabelu.cz\/sk\/#\/schema\/person\/dd273d2fee892a390dafe59113ec0f02\",\"name\":\"adminAtlanticStudio\",\"image\":{\"@type\":\"ImageObject\",\"inLanguage\":\"sk-SK\",\"@id\":\"https:\/\/www.vyrobcikabelu.cz\/sk\/#\/schema\/person\/image\/\",\"url\":\"https:\/\/secure.gravatar.com\/avatar\/2816c4862c8a0f2afcb90377f15bb15b?s=96&d=mm&r=g\",\"contentUrl\":\"https:\/\/secure.gravatar.com\/avatar\/2816c4862c8a0f2afcb90377f15bb15b?s=96&d=mm&r=g\",\"caption\":\"adminAtlanticStudio\"},\"url\":\"https:\/\/www.vyrobcikabelu.cz\/sk\/author\/adminatlanticstudio\/\"}]}<\/script>\n<!-- \/ Yoast SEO plugin. -->","yoast_head_json":{"title":"Cu a dal\u0161\u00ed suroviny rostou k rekordn\u00edm historick\u00fdm hodnot\u00e1m - AVK","robots":{"index":"index","follow":"follow","max-snippet":"max-snippet:-1","max-image-preview":"max-image-preview:large","max-video-preview":"max-video-preview:-1"},"canonical":"https:\/\/www.vyrobcikabelu.cz\/sk\/cu-a-al-roste-k-rekordnim-historickym-hodnotam\/","og_locale":"sk_SK","og_type":"article","og_title":"Cu a dal\u0161\u00ed suroviny rostou k rekordn\u00edm historick\u00fdm hodnot\u00e1m - AVK","og_description":"V\u0161udyp\u0159\u00edtomn\u00e1 pandemie se prom\u00edt\u00e1 ve v\u0161ech podob\u00e1ch do osobn\u00edch \u017eivot\u016f, ale i do na\u0161eho kabel\u00e1\u0159sk\u00e9ho oboru. V\u00a0d\u0159\u00edv\u011bj\u0161\u00edch \u010dl\u00e1nc\u00edch jsem v\u00e1s informoval o tom, \u017ee v\u00fdrobci kabel\u016f zapojen\u00ed v\u00a0AVK zvl\u00e1dali v\u0161echna hygienick\u00e1 opat\u0159en\u00ed a vl\u00e1dn\u00ed na\u0159\u00edzen\u00ed a enormn\u00edm \u00fasil\u00edm se jim &hellip; Pokra\u010dova\u0165","og_url":"https:\/\/www.vyrobcikabelu.cz\/sk\/cu-a-al-roste-k-rekordnim-historickym-hodnotam\/","og_site_name":"AVK","article_published_time":"2021-04-15T15:35:41+00:00","article_modified_time":"2021-04-16T10:53:19+00:00","og_image":[{"width":1024,"height":683,"url":"https:\/\/www.vyrobcikabelu.cz\/wp-content\/uploads\/2021\/04\/account-hand-business-busy-professional-1024x683.jpg","type":"image\/jpeg"}],"author":"adminAtlanticStudio","twitter_card":"summary_large_image","twitter_misc":{"Autor":"adminAtlanticStudio","Predpokladan\u00fd \u010das \u010d\u00edtania":"5 min\u00fat"},"schema":{"@context":"https:\/\/schema.org","@graph":[{"@type":"WebPage","@id":"https:\/\/www.vyrobcikabelu.cz\/sk\/cu-a-al-roste-k-rekordnim-historickym-hodnotam\/","url":"https:\/\/www.vyrobcikabelu.cz\/sk\/cu-a-al-roste-k-rekordnim-historickym-hodnotam\/","name":"Cu a dal\u0161\u00ed suroviny rostou k rekordn\u00edm historick\u00fdm hodnot\u00e1m - AVK","isPartOf":{"@id":"https:\/\/www.vyrobcikabelu.cz\/sk\/#website"},"datePublished":"2021-04-15T15:35:41+00:00","dateModified":"2021-04-16T10:53:19+00:00","author":{"@id":"https:\/\/www.vyrobcikabelu.cz\/sk\/#\/schema\/person\/dd273d2fee892a390dafe59113ec0f02"},"breadcrumb":{"@id":"https:\/\/www.vyrobcikabelu.cz\/sk\/cu-a-al-roste-k-rekordnim-historickym-hodnotam\/#breadcrumb"},"inLanguage":"sk-SK","potentialAction":[{"@type":"ReadAction","target":["https:\/\/www.vyrobcikabelu.cz\/sk\/cu-a-al-roste-k-rekordnim-historickym-hodnotam\/"]}]},{"@type":"BreadcrumbList","@id":"https:\/\/www.vyrobcikabelu.cz\/sk\/cu-a-al-roste-k-rekordnim-historickym-hodnotam\/#breadcrumb","itemListElement":[{"@type":"ListItem","position":1,"name":"Dom\u016f","item":"https:\/\/www.vyrobcikabelu.cz\/sk\/"},{"@type":"ListItem","position":2,"name":"Cu a dal\u0161\u00ed suroviny rostou k rekordn\u00edm historick\u00fdm hodnot\u00e1m"}]},{"@type":"WebSite","@id":"https:\/\/www.vyrobcikabelu.cz\/sk\/#website","url":"https:\/\/www.vyrobcikabelu.cz\/sk\/","name":"AVK","description":"Dal\u0161\u00ed web pou\u017e\u00edvaj\u00edc\u00ed WordPress","potentialAction":[{"@type":"SearchAction","target":{"@type":"EntryPoint","urlTemplate":"https:\/\/www.vyrobcikabelu.cz\/sk\/?s={search_term_string}"},"query-input":"required name=search_term_string"}],"inLanguage":"sk-SK"},{"@type":"Person","@id":"https:\/\/www.vyrobcikabelu.cz\/sk\/#\/schema\/person\/dd273d2fee892a390dafe59113ec0f02","name":"adminAtlanticStudio","image":{"@type":"ImageObject","inLanguage":"sk-SK","@id":"https:\/\/www.vyrobcikabelu.cz\/sk\/#\/schema\/person\/image\/","url":"https:\/\/secure.gravatar.com\/avatar\/2816c4862c8a0f2afcb90377f15bb15b?s=96&d=mm&r=g","contentUrl":"https:\/\/secure.gravatar.com\/avatar\/2816c4862c8a0f2afcb90377f15bb15b?s=96&d=mm&r=g","caption":"adminAtlanticStudio"},"url":"https:\/\/www.vyrobcikabelu.cz\/sk\/author\/adminatlanticstudio\/"}]}},"_links":{"self":[{"href":"https:\/\/www.vyrobcikabelu.cz\/sk\/wp-json\/wp\/v2\/posts\/4640"}],"collection":[{"href":"https:\/\/www.vyrobcikabelu.cz\/sk\/wp-json\/wp\/v2\/posts"}],"about":[{"href":"https:\/\/www.vyrobcikabelu.cz\/sk\/wp-json\/wp\/v2\/types\/post"}],"author":[{"embeddable":true,"href":"https:\/\/www.vyrobcikabelu.cz\/sk\/wp-json\/wp\/v2\/users\/3"}],"replies":[{"embeddable":true,"href":"https:\/\/www.vyrobcikabelu.cz\/sk\/wp-json\/wp\/v2\/comments?post=4640"}],"version-history":[{"count":3,"href":"https:\/\/www.vyrobcikabelu.cz\/sk\/wp-json\/wp\/v2\/posts\/4640\/revisions"}],"predecessor-version":[{"id":4645,"href":"https:\/\/www.vyrobcikabelu.cz\/sk\/wp-json\/wp\/v2\/posts\/4640\/revisions\/4645"}],"wp:featuredmedia":[{"embeddable":true,"href":"https:\/\/www.vyrobcikabelu.cz\/sk\/wp-json\/wp\/v2\/media\/4632"}],"wp:attachment":[{"href":"https:\/\/www.vyrobcikabelu.cz\/sk\/wp-json\/wp\/v2\/media?parent=4640"}],"wp:term":[{"taxonomy":"category","embeddable":true,"href":"https:\/\/www.vyrobcikabelu.cz\/sk\/wp-json\/wp\/v2\/categories?post=4640"},{"taxonomy":"post_tag","embeddable":true,"href":"https:\/\/www.vyrobcikabelu.cz\/sk\/wp-json\/wp\/v2\/tags?post=4640"}],"curies":[{"name":"wp","href":"https:\/\/api.w.org\/{rel}","templated":true}]}}