{"id":484,"date":"2016-12-20T12:59:18","date_gmt":"2016-12-20T12:59:18","guid":{"rendered":"http:\/\/vyrobcikabelu.cz\/narizeni-evropskeho-parlamentu\/"},"modified":"2018-09-28T06:29:38","modified_gmt":"2018-09-28T06:29:38","slug":"narizeni-evropskeho-parlamentu","status":"publish","type":"post","link":"https:\/\/www.vyrobcikabelu.cz\/sk\/narizeni-evropskeho-parlamentu\/","title":{"rendered":"Na\u0159\u00edzen\u00ed evropsk\u00e9ho parlamentu"},"content":{"rendered":"<h2>Na\u0159\u00edzen\u00ed Evropsk\u00e9ho parlamentu a rady EU \u010d. 305\/2011 o stavebn\u00edch v\u00fdrobc\u00edch ve vztahu k dod\u00e1vk\u00e1m kabel\u016f a vodi\u010d\u016f na trh \u2013 aktu\u00e1ln\u00ed stav k b\u0159eznu 2015<\/h2>\n<p>V\u00fdrobci kabel\u016f p\u0159i uv\u00e1d\u011bn\u00ed v\u00fdrobk\u016f trh se nad\u00e1le \u0159\u00edd\u00ed jedinou platnou legislativou a to z\u00e1konem \u010d. 22\/1997 Sb. o technick\u00fdch po\u017eadavc\u00edch na v\u00fdrobky, dle kter\u00e9ho vyd\u00e1vaj\u00ed prohl\u00e1\u0161en\u00ed o shod\u011b.<\/p>\n<p>V roce 2013 vstoupilo v platnost Na\u0159\u00edzen\u00ed Evropsk\u00e9ho parlamentu a rady (EU) \u010d. 305\/2011 (CPR), kter\u00fdm se stanovuj\u00ed harmonizovan\u00e9 podm\u00ednky pro uv\u00e1d\u011bn\u00ed stavebn\u00edch v\u00fdrobk\u016f na trh. Toto na\u0159\u00edzen\u00ed i s odstupem ji\u017e 4 let nen\u00ed st\u00e1le aplikovateln\u00e9 na kabely.<\/p>\n<p>V roce 2014 vstoupilo v platnost Na\u0159\u00edzen\u00ed komise v p\u0159enesen\u00e9 pravomoci (EU) \u010d. 568\/2014, kter\u00fdm se m\u011bn\u00ed p\u0159\u00edloha V na\u0159\u00edzen\u00ed (EU) \u010d. 305\/2011, pokud jde o posuzov\u00e1n\u00ed a ov\u011b\u0159ov\u00e1n\u00ed st\u00e1losti vlastnost\u00ed stavebn\u00edch v\u00fdrobk\u016f.<\/p>\n<p>Vyd\u00e1n\u00edm tohoto na\u0159\u00edzen\u00ed do\u0161lo k z\u00e1sadn\u00edmu posunu k posuzov\u00e1n\u00ed vlastnost\u00ed v\u00fdrobku tak, aby v\u00fdrobce kabel\u016f byl schopen uv\u00e1d\u011bt a dod\u00e1vat na trh sv\u00e9 v\u00fdrobky dle harmonizovan\u00fdch podm\u00ednek a m\u011bl pr\u00e1vo pou\u017e\u00edvat ozna\u010den\u00ed CE ve vztahu k z\u00e1kladn\u00edm po\u017eadavk\u016fm na stavbu. Tato z\u00e1sadn\u00ed zm\u011bna se t\u00fdk\u00e1 prov\u011b\u0159ovac\u00edch zkou\u0161ek vzork\u016f podle syst\u00e9mu posuzov\u00e1n\u00ed a ov\u011b\u0159ov\u00e1n\u00ed st\u00e1losti vlastnost\u00ed 1+, kdy se tato prov\u011b\u0159ovac\u00ed zkou\u0161ka neprov\u00e1d\u00ed jenom p\u0159ed uveden\u00edm v\u00fdrobku na trh, ale jej\u00ed prov\u00e1d\u011bn\u00ed je ur\u010deno v p\u0159\u00edslu\u0161n\u00e9 norm\u011b v\u00fdrobku.<\/p>\n<p>Evropskou normaliza\u010dn\u00ed organizac\u00ed CENELEC byly sice v srpnu vyd\u00e1ny normy EN 50575 (Silnoproud\u00e9, \u0159\u00edd\u00edc\u00ed a komunika\u010dn\u00ed kabely \u2013 Kabely pro v\u0161eobecn\u00e9 pou\u017eit\u00ed ve stavb\u00e1ch, na kter\u00e9 se vztahuj\u00ed po\u017eadavky reakce na ohe\u0148) a CLC\/TS 50576 (Elektrick\u00e9 kabely \u2013 roz\u0161\u00ed\u0159en\u00e1 aplikace v\u00fdsled\u016f zkou\u0161ek reakce na ohe\u0148), av\u0161ak zn\u011bn\u00ed EN 50575, kter\u00e1 je normou v\u00fdrobku, nen\u00ed v mnoh\u00fdch ohledech v souladu s platn\u00fdm zn\u011bn\u00edm Na\u0159\u00edzen\u00ed Evropsk\u00e9ho parlamentu a rady (EU) \u010d. 305\/2011.<\/p>\n<p>V\u00e1\u017en\u00fdm probl\u00e9mem je taky skute\u010dnost, \u017ee EN 50575, kter\u00e1 m\u00e1 b\u00fdt harmonizovanou technickou specifikac\u00ed (po jej\u00ed vyhl\u00e1\u0161en\u00ed v \u00da\u0159edn\u00edm v\u011bstn\u00edku EU), ve sv\u00e9m p\u0159edm\u011btu nezahrnuje kabely, kter\u00e9 jsou ur\u010deny na trvalou dod\u00e1vku elektrick\u00e9 energie p\u0159i po\u017e\u00e1ru, co je v rozporu s po\u017eadavky platn\u00e9 legislativy pro po\u017e\u00e1rn\u00ed bezpe\u010dnost staveb v \u010cesk\u00e9 republice i Slovensk\u00e9 republice. V t\u011bchto \u010dlensk\u00fdch zem\u00edch se toti\u017e u\u017e n\u011bkolik let po\u017eaduje zkou\u0161en\u00ed\/posuzov\u00e1n\u00ed v\u0161ech kabel\u016f pou\u017eit\u00fdch ve stavb\u00e1ch ve vztahu k jejich reakci na ohe\u0148. Tento probl\u00e9m se moment\u00e1ln\u011b \u0159e\u0161\u00ed v r\u00e1mci \u00fakolu p\u0159eb\u00edran\u00ed EN 50575 do soustavy \u010cSN a STN, za\u0159azen\u00edm n\u00e1rodn\u00edch informativn\u00edch p\u0159\u00edloh NA do p\u0159ekladu t\u00e9to normy.<\/p>\n<p>Dal\u0161\u00ed probl\u00e9m, na kter\u00fd upozornila Slovensk\u00e1 republika Evropskou komisi, prost\u0159ednictv\u00edm St\u00e1l\u00e9ho v\u00fdboru pro stavebnictv\u00ed je ten, \u017ee na \u017e\u00e1dn\u00fd jin\u00fd stavebn\u00ed v\u00fdrobek (krom\u011b kabel\u016f) z hlediska posuzov\u00e1n\u00ed a ov\u011b\u0159ov\u00e1n\u00ed st\u00e1losti po\u017e\u00e1rn\u00edch vlastnost\u00ed nen\u00ed stanoven syst\u00e9m 1+. Z toho d\u016fvodu Slovensk\u00e1 republika po\u017eaduje, aby EK zm\u011bnila tento syst\u00e9m pro kabely z 1+ na 1 tak, jako to je v p\u0159\u00edpad\u011b ostatn\u00edch stavebn\u00edch v\u00fdrobk\u016f. \u010cesk\u00e1 republika tak\u00e9 podpo\u0159ila tento n\u00e1vrh na zm\u011bnu a o\u010dek\u00e1v\u00e1 se taky podpora n\u00e1vrhu na zm\u011bnu ze strany Polsk\u00e9 republiky.<\/p>\n<p>Z\u00e1v\u011brem lze tedy doufat, \u017ee v\u0161echny technick\u00e9 komise CELELEC, kter\u00e9 maj\u00ed v agend\u011b p\u0159\u00edpravu a vyd\u00e1van\u00ed technick\u00fdch norem na kabely se v budoucnu vyvaruj\u00ed takov\u00fdch nedostatk\u016f, jak\u00e9 se projevily v EN 50575. Stejn\u00e9 o\u010dek\u00e1v\u00e1n\u00ed lze po\u017eadovat od Evropsk\u00e9 komise ve vztahu k navrhovan\u00e9 zm\u011bn\u011b syst\u00e9mu posuzov\u00e1n\u00ed a ov\u011b\u0159ov\u00e1n\u00ed st\u00e1losti po\u017e\u00e1rn\u00edch vlastnost\u00ed kabel\u016f z 1+ na 1.<\/p>\n<p>AVK \u010cesk\u00e9 republiky a Slovensk\u00e9 republiky situaci na evropsk\u00e9 \u00farovni neust\u00e1le sleduje a bude nad\u00e1le vyv\u00edjet \u00fasil\u00ed k vy\u0159e\u0161en\u00ed rozpor\u016f v EN a h\u00e1jit n\u00e1rodn\u00ed pr\u00e1vn\u00ed p\u0159edpisy.<\/p>\n<p><em>O aktu\u00e1ln\u00ed situaci v t\u00e9to oblasti bude odborn\u00e1 ve\u0159ejnost pr\u016fb\u011b\u017en\u011b informov\u00e1na na webov\u00fdch str\u00e1nk\u00e1ch AVK.<\/em><\/p>\n","protected":false},"excerpt":{"rendered":"<p>Na\u0159\u00edzen\u00ed Evropsk\u00e9ho parlamentu a rady EU \u010d. 305\/2011 o stavebn\u00edch v\u00fdrobc\u00edch ve vztahu k dod\u00e1vk\u00e1m kabel\u016f a vodi\u010d\u016f na trh \u2013 aktu\u00e1ln\u00ed stav k b\u0159eznu 2015 V\u00fdrobci kabel\u016f p\u0159i uv\u00e1d\u011bn\u00ed v\u00fdrobk\u016f trh se nad\u00e1le \u0159\u00edd\u00ed jedinou platnou legislativou a to &hellip; <a href=\"https:\/\/www.vyrobcikabelu.cz\/sk\/narizeni-evropskeho-parlamentu\/\">Pokra\u010dova\u0165<\/a><\/p>\n","protected":false},"author":3,"featured_media":759,"comment_status":"open","ping_status":"open","sticky":false,"template":"","format":"standard","meta":{"footnotes":""},"categories":[21],"tags":[],"acf":[],"yoast_head":"<!-- This site is optimized with the Yoast SEO plugin v21.8 - https:\/\/yoast.com\/wordpress\/plugins\/seo\/ -->\n<title>Na\u0159\u00edzen\u00ed evropsk\u00e9ho parlamentu - AVK<\/title>\n<meta name=\"robots\" content=\"index, follow, max-snippet:-1, max-image-preview:large, max-video-preview:-1\" \/>\n<link rel=\"canonical\" href=\"https:\/\/www.vyrobcikabelu.cz\/sk\/narizeni-evropskeho-parlamentu\/\" \/>\n<meta property=\"og:locale\" content=\"sk_SK\" \/>\n<meta property=\"og:type\" content=\"article\" \/>\n<meta property=\"og:title\" content=\"Na\u0159\u00edzen\u00ed evropsk\u00e9ho parlamentu - AVK\" \/>\n<meta property=\"og:description\" content=\"Na\u0159\u00edzen\u00ed Evropsk\u00e9ho parlamentu a rady EU \u010d. 305\/2011 o stavebn\u00edch v\u00fdrobc\u00edch ve vztahu k dod\u00e1vk\u00e1m kabel\u016f a vodi\u010d\u016f na trh \u2013 aktu\u00e1ln\u00ed stav k b\u0159eznu 2015 V\u00fdrobci kabel\u016f p\u0159i uv\u00e1d\u011bn\u00ed v\u00fdrobk\u016f trh se nad\u00e1le \u0159\u00edd\u00ed jedinou platnou legislativou a to &hellip; Pokra\u010dova\u0165\" \/>\n<meta property=\"og:url\" content=\"https:\/\/www.vyrobcikabelu.cz\/sk\/narizeni-evropskeho-parlamentu\/\" \/>\n<meta property=\"og:site_name\" content=\"AVK\" \/>\n<meta property=\"article:published_time\" content=\"2016-12-20T12:59:18+00:00\" \/>\n<meta property=\"article:modified_time\" content=\"2018-09-28T06:29:38+00:00\" \/>\n<meta property=\"og:image\" content=\"https:\/\/www.vyrobcikabelu.cz\/wp-content\/uploads\/2017\/01\/DSCF0251.jpg\" \/>\n\t<meta property=\"og:image:width\" content=\"800\" \/>\n\t<meta property=\"og:image:height\" content=\"533\" \/>\n\t<meta property=\"og:image:type\" content=\"image\/jpeg\" \/>\n<meta name=\"author\" content=\"adminAtlanticStudio\" \/>\n<meta name=\"twitter:card\" content=\"summary_large_image\" \/>\n<meta name=\"twitter:label1\" content=\"Autor\" \/>\n\t<meta name=\"twitter:data1\" content=\"adminAtlanticStudio\" \/>\n\t<meta name=\"twitter:label2\" content=\"Predpokladan\u00fd \u010das \u010d\u00edtania\" \/>\n\t<meta name=\"twitter:data2\" content=\"4 min\u00faty\" \/>\n<script type=\"application\/ld+json\" class=\"yoast-schema-graph\">{\"@context\":\"https:\/\/schema.org\",\"@graph\":[{\"@type\":\"WebPage\",\"@id\":\"https:\/\/www.vyrobcikabelu.cz\/sk\/narizeni-evropskeho-parlamentu\/\",\"url\":\"https:\/\/www.vyrobcikabelu.cz\/sk\/narizeni-evropskeho-parlamentu\/\",\"name\":\"Na\u0159\u00edzen\u00ed evropsk\u00e9ho parlamentu - AVK\",\"isPartOf\":{\"@id\":\"https:\/\/www.vyrobcikabelu.cz\/sk\/#website\"},\"datePublished\":\"2016-12-20T12:59:18+00:00\",\"dateModified\":\"2018-09-28T06:29:38+00:00\",\"author\":{\"@id\":\"https:\/\/www.vyrobcikabelu.cz\/sk\/#\/schema\/person\/dd273d2fee892a390dafe59113ec0f02\"},\"breadcrumb\":{\"@id\":\"https:\/\/www.vyrobcikabelu.cz\/sk\/narizeni-evropskeho-parlamentu\/#breadcrumb\"},\"inLanguage\":\"sk-SK\",\"potentialAction\":[{\"@type\":\"ReadAction\",\"target\":[\"https:\/\/www.vyrobcikabelu.cz\/sk\/narizeni-evropskeho-parlamentu\/\"]}]},{\"@type\":\"BreadcrumbList\",\"@id\":\"https:\/\/www.vyrobcikabelu.cz\/sk\/narizeni-evropskeho-parlamentu\/#breadcrumb\",\"itemListElement\":[{\"@type\":\"ListItem\",\"position\":1,\"name\":\"Dom\u016f\",\"item\":\"https:\/\/www.vyrobcikabelu.cz\/sk\/\"},{\"@type\":\"ListItem\",\"position\":2,\"name\":\"Na\u0159\u00edzen\u00ed evropsk\u00e9ho parlamentu\"}]},{\"@type\":\"WebSite\",\"@id\":\"https:\/\/www.vyrobcikabelu.cz\/sk\/#website\",\"url\":\"https:\/\/www.vyrobcikabelu.cz\/sk\/\",\"name\":\"AVK\",\"description\":\"Dal\u0161\u00ed web pou\u017e\u00edvaj\u00edc\u00ed WordPress\",\"potentialAction\":[{\"@type\":\"SearchAction\",\"target\":{\"@type\":\"EntryPoint\",\"urlTemplate\":\"https:\/\/www.vyrobcikabelu.cz\/sk\/?s={search_term_string}\"},\"query-input\":\"required name=search_term_string\"}],\"inLanguage\":\"sk-SK\"},{\"@type\":\"Person\",\"@id\":\"https:\/\/www.vyrobcikabelu.cz\/sk\/#\/schema\/person\/dd273d2fee892a390dafe59113ec0f02\",\"name\":\"adminAtlanticStudio\",\"image\":{\"@type\":\"ImageObject\",\"inLanguage\":\"sk-SK\",\"@id\":\"https:\/\/www.vyrobcikabelu.cz\/sk\/#\/schema\/person\/image\/\",\"url\":\"https:\/\/secure.gravatar.com\/avatar\/2816c4862c8a0f2afcb90377f15bb15b?s=96&d=mm&r=g\",\"contentUrl\":\"https:\/\/secure.gravatar.com\/avatar\/2816c4862c8a0f2afcb90377f15bb15b?s=96&d=mm&r=g\",\"caption\":\"adminAtlanticStudio\"},\"url\":\"https:\/\/www.vyrobcikabelu.cz\/sk\/author\/adminatlanticstudio\/\"}]}<\/script>\n<!-- \/ Yoast SEO plugin. -->","yoast_head_json":{"title":"Na\u0159\u00edzen\u00ed evropsk\u00e9ho parlamentu - AVK","robots":{"index":"index","follow":"follow","max-snippet":"max-snippet:-1","max-image-preview":"max-image-preview:large","max-video-preview":"max-video-preview:-1"},"canonical":"https:\/\/www.vyrobcikabelu.cz\/sk\/narizeni-evropskeho-parlamentu\/","og_locale":"sk_SK","og_type":"article","og_title":"Na\u0159\u00edzen\u00ed evropsk\u00e9ho parlamentu - AVK","og_description":"Na\u0159\u00edzen\u00ed Evropsk\u00e9ho parlamentu a rady EU \u010d. 305\/2011 o stavebn\u00edch v\u00fdrobc\u00edch ve vztahu k dod\u00e1vk\u00e1m kabel\u016f a vodi\u010d\u016f na trh \u2013 aktu\u00e1ln\u00ed stav k b\u0159eznu 2015 V\u00fdrobci kabel\u016f p\u0159i uv\u00e1d\u011bn\u00ed v\u00fdrobk\u016f trh se nad\u00e1le \u0159\u00edd\u00ed jedinou platnou legislativou a to &hellip; Pokra\u010dova\u0165","og_url":"https:\/\/www.vyrobcikabelu.cz\/sk\/narizeni-evropskeho-parlamentu\/","og_site_name":"AVK","article_published_time":"2016-12-20T12:59:18+00:00","article_modified_time":"2018-09-28T06:29:38+00:00","og_image":[{"width":800,"height":533,"url":"https:\/\/www.vyrobcikabelu.cz\/wp-content\/uploads\/2017\/01\/DSCF0251.jpg","type":"image\/jpeg"}],"author":"adminAtlanticStudio","twitter_card":"summary_large_image","twitter_misc":{"Autor":"adminAtlanticStudio","Predpokladan\u00fd \u010das \u010d\u00edtania":"4 min\u00faty"},"schema":{"@context":"https:\/\/schema.org","@graph":[{"@type":"WebPage","@id":"https:\/\/www.vyrobcikabelu.cz\/sk\/narizeni-evropskeho-parlamentu\/","url":"https:\/\/www.vyrobcikabelu.cz\/sk\/narizeni-evropskeho-parlamentu\/","name":"Na\u0159\u00edzen\u00ed evropsk\u00e9ho parlamentu - AVK","isPartOf":{"@id":"https:\/\/www.vyrobcikabelu.cz\/sk\/#website"},"datePublished":"2016-12-20T12:59:18+00:00","dateModified":"2018-09-28T06:29:38+00:00","author":{"@id":"https:\/\/www.vyrobcikabelu.cz\/sk\/#\/schema\/person\/dd273d2fee892a390dafe59113ec0f02"},"breadcrumb":{"@id":"https:\/\/www.vyrobcikabelu.cz\/sk\/narizeni-evropskeho-parlamentu\/#breadcrumb"},"inLanguage":"sk-SK","potentialAction":[{"@type":"ReadAction","target":["https:\/\/www.vyrobcikabelu.cz\/sk\/narizeni-evropskeho-parlamentu\/"]}]},{"@type":"BreadcrumbList","@id":"https:\/\/www.vyrobcikabelu.cz\/sk\/narizeni-evropskeho-parlamentu\/#breadcrumb","itemListElement":[{"@type":"ListItem","position":1,"name":"Dom\u016f","item":"https:\/\/www.vyrobcikabelu.cz\/sk\/"},{"@type":"ListItem","position":2,"name":"Na\u0159\u00edzen\u00ed evropsk\u00e9ho parlamentu"}]},{"@type":"WebSite","@id":"https:\/\/www.vyrobcikabelu.cz\/sk\/#website","url":"https:\/\/www.vyrobcikabelu.cz\/sk\/","name":"AVK","description":"Dal\u0161\u00ed web pou\u017e\u00edvaj\u00edc\u00ed WordPress","potentialAction":[{"@type":"SearchAction","target":{"@type":"EntryPoint","urlTemplate":"https:\/\/www.vyrobcikabelu.cz\/sk\/?s={search_term_string}"},"query-input":"required name=search_term_string"}],"inLanguage":"sk-SK"},{"@type":"Person","@id":"https:\/\/www.vyrobcikabelu.cz\/sk\/#\/schema\/person\/dd273d2fee892a390dafe59113ec0f02","name":"adminAtlanticStudio","image":{"@type":"ImageObject","inLanguage":"sk-SK","@id":"https:\/\/www.vyrobcikabelu.cz\/sk\/#\/schema\/person\/image\/","url":"https:\/\/secure.gravatar.com\/avatar\/2816c4862c8a0f2afcb90377f15bb15b?s=96&d=mm&r=g","contentUrl":"https:\/\/secure.gravatar.com\/avatar\/2816c4862c8a0f2afcb90377f15bb15b?s=96&d=mm&r=g","caption":"adminAtlanticStudio"},"url":"https:\/\/www.vyrobcikabelu.cz\/sk\/author\/adminatlanticstudio\/"}]}},"_links":{"self":[{"href":"https:\/\/www.vyrobcikabelu.cz\/sk\/wp-json\/wp\/v2\/posts\/484"}],"collection":[{"href":"https:\/\/www.vyrobcikabelu.cz\/sk\/wp-json\/wp\/v2\/posts"}],"about":[{"href":"https:\/\/www.vyrobcikabelu.cz\/sk\/wp-json\/wp\/v2\/types\/post"}],"author":[{"embeddable":true,"href":"https:\/\/www.vyrobcikabelu.cz\/sk\/wp-json\/wp\/v2\/users\/3"}],"replies":[{"embeddable":true,"href":"https:\/\/www.vyrobcikabelu.cz\/sk\/wp-json\/wp\/v2\/comments?post=484"}],"version-history":[{"count":0,"href":"https:\/\/www.vyrobcikabelu.cz\/sk\/wp-json\/wp\/v2\/posts\/484\/revisions"}],"wp:featuredmedia":[{"embeddable":true,"href":"https:\/\/www.vyrobcikabelu.cz\/sk\/wp-json\/wp\/v2\/media\/759"}],"wp:attachment":[{"href":"https:\/\/www.vyrobcikabelu.cz\/sk\/wp-json\/wp\/v2\/media?parent=484"}],"wp:term":[{"taxonomy":"category","embeddable":true,"href":"https:\/\/www.vyrobcikabelu.cz\/sk\/wp-json\/wp\/v2\/categories?post=484"},{"taxonomy":"post_tag","embeddable":true,"href":"https:\/\/www.vyrobcikabelu.cz\/sk\/wp-json\/wp\/v2\/tags?post=484"}],"curies":[{"name":"wp","href":"https:\/\/api.w.org\/{rel}","templated":true}]}}