{"id":5708,"date":"2023-01-13T08:46:53","date_gmt":"2023-01-13T08:46:53","guid":{"rendered":"https:\/\/www.vyrobcikabelu.cz\/?p=5708"},"modified":"2023-01-13T09:12:07","modified_gmt":"2023-01-13T09:12:07","slug":"zahajeni-ctyrsemestralniho-studia-pro-kabelare","status":"publish","type":"post","link":"https:\/\/www.vyrobcikabelu.cz\/sk\/zahajeni-ctyrsemestralniho-studia-pro-kabelare\/","title":{"rendered":"Zah\u00e1jen\u00ed \u010dty\u0159semestr\u00e1ln\u00edho studia pro kabel\u00e1\u0159e"},"content":{"rendered":"<p><img loading=\"lazy\" decoding=\"async\" class=\"size-medium wp-image-5703 alignright\" src=\"https:\/\/www.vyrobcikabelu.cz\/wp-content\/uploads\/2023\/01\/education-concept-student-studying-brainstorming-campus-concept-close-up-students-discussing-their-subject-books-textbooks-selective-focus-300x200.jpg\" alt=\"\" width=\"300\" height=\"200\" srcset=\"https:\/\/www.vyrobcikabelu.cz\/wp-content\/uploads\/2023\/01\/education-concept-student-studying-brainstorming-campus-concept-close-up-students-discussing-their-subject-books-textbooks-selective-focus-300x200.jpg 300w, https:\/\/www.vyrobcikabelu.cz\/wp-content\/uploads\/2023\/01\/education-concept-student-studying-brainstorming-campus-concept-close-up-students-discussing-their-subject-books-textbooks-selective-focus-1024x683.jpg 1024w, https:\/\/www.vyrobcikabelu.cz\/wp-content\/uploads\/2023\/01\/education-concept-student-studying-brainstorming-campus-concept-close-up-students-discussing-their-subject-books-textbooks-selective-focus-768x512.jpg 768w, https:\/\/www.vyrobcikabelu.cz\/wp-content\/uploads\/2023\/01\/education-concept-student-studying-brainstorming-campus-concept-close-up-students-discussing-their-subject-books-textbooks-selective-focus-1536x1024.jpg 1536w, https:\/\/www.vyrobcikabelu.cz\/wp-content\/uploads\/2023\/01\/education-concept-student-studying-brainstorming-campus-concept-close-up-students-discussing-their-subject-books-textbooks-selective-focus-2048x1365.jpg 2048w, https:\/\/www.vyrobcikabelu.cz\/wp-content\/uploads\/2023\/01\/education-concept-student-studying-brainstorming-campus-concept-close-up-students-discussing-their-subject-books-textbooks-selective-focus-1320x880.jpg 1320w\" sizes=\"(max-width: 300px) 100vw, 300px\" \/><\/p>\n<p><strong>AVK (Asociace v\u00fdrobc\u016f kabel\u016f a vodi\u010d\u016f \u010cR a SR) p\u0159ipravuje ve spolupr\u00e1ci s \u010cVUT Praha \u010dty\u0159semestr\u00e1ln\u00ed kurz pro kabel\u00e1\u0159e. Vznik tohoto projektu byl inspirov\u00e1n zejm\u00e9na dv\u011bma d\u016fvody. Prvn\u00edm je nedostatek vysoce kvalifikovan\u00fdch spolupracovn\u00edk\u016f v na\u0161em oboru, kte\u0159\u00ed maj\u00ed komplexn\u00ed pohled na kabely jako takov\u00e9, jejich vyu\u017eit\u00ed, v\u00fdrobu, logistick\u00e1 specifika a prokazov\u00e1n\u00ed shody (zkou\u0161en\u00ed a certifikace). Druh\u00fdm d\u016fvodem je to, \u017ee sou\u010dasn\u00e9 univerzitn\u00ed \u0161kolstv\u00ed v \u010cR a SR nevychov\u00e1v\u00e1 odborn\u00edky s t\u00edmto spektrem znalost\u00ed pro kabel\u00e1\u0159sk\u00fd obor. V p\u0159\u00edpad\u011b kladn\u00fdch ohlas\u016f bude na\u0161\u00edm c\u00edlem i p\u0159\u00edprava podklad\u016f a o\u010dek\u00e1van\u00fdch t\u00e9mat ze strany pr\u016fmyslu pro op\u011btovn\u00e9 zalo\u017een\u00ed akreditovan\u00e9ho univerzitn\u00edho programu.<\/strong><\/p>\n<h2>Startujeme 2. b\u0159ezna 2023<strong><br \/>\n<\/strong><\/h2>\n<p>Prvn\u00ed semestr kurzu, ur\u010den\u00e9ho p\u0159edev\u0161\u00edm pro st\u00e1vaj\u00edc\u00ed zam\u011bstnance \u010dlensk\u00fdch organizac\u00ed AVK, bude zah\u00e1jen slavnostn\u00ed imatrikulac\u00ed 2. 3. 2023 a podle zpracovan\u00e9ho vzd\u011bl\u00e1vac\u00edho pl\u00e1nu potrv\u00e1 do 2. 6. 2023. <br \/>\n<strong>Kurz je \u010dty\u0159semestr\u00e1ln\u00ed s \u0159\u00e1dn\u00fdm pr\u016fb\u011b\u017en\u00fdm prov\u011b\u0159ov\u00e1n\u00edm znalost\u00ed z jednotliv\u00fdch p\u0159edm\u011bt\u016f a bude ukon\u010den z\u00e1v\u011bre\u010dnou prac\u00ed studenta<\/strong> (zadanou jeho vys\u00edlaj\u00edc\u00ed organizac\u00ed) na \u00farovni bakal\u00e1\u0159sk\u00e9 pr\u00e1ce. Kurz nen\u00ed v t\u00e9to f\u00e1zi akreditov\u00e1n jako univerzitn\u00ed vzd\u011bl\u00e1v\u00e1n\u00ed, a proto jeho \u00fasp\u011b\u0161n\u00e9 absolvov\u00e1n\u00ed bude dolo\u017eeno diplomem\/osv\u011bd\u010den\u00edm vydan\u00fdm AVK. Pokud se v\u0161ak vybran\u00e9 p\u0159edm\u011bty budou shodovat s p\u0159edm\u011bty akreditovan\u00fdmi na \u010cVUT, budou za stanoven\u00fdch podm\u00ednek uzn\u00e1ny i pro p\u0159\u00edpadn\u00e9 studium standardn\u00edho studijn\u00edho programu na dan\u00e9 fakult\u011b. <strong>Forma kurzu bude z d\u016fvodu optimalizace \u010dasov\u00e9 n\u00e1ro\u010dnosti kombinovan\u00e1<\/strong> \u2013 tj. \u010d\u00e1ste\u010dn\u011b formou prezen\u010dn\u00ed a \u010d\u00e1ste\u010dn\u011b distan\u010dn\u011b prost\u0159ednictv\u00edm Microsoft Teams.<\/p>\n<h2>Kabel\u00e1\u0159sk\u00fd obor se neust\u00e1le rozv\u00edj\u00ed a je perspektivn\u00ed<strong><br \/>\n<\/strong><\/h2>\n<p>Vzhledem k tomu, \u017ee jde o projekt, kter\u00fd po\u0159\u00e1d\u00e1 AVK v prvn\u00edm cyklu p\u0159edev\u0161\u00edm pro sv\u00e9 \u010dleny, <strong>bude kladen tak\u00e9 d\u016fraz na zp\u011btnou vazbu<\/strong>. A to jak lektor\u016f tak i garant\u016f jednotliv\u00fdch neakreditovan\u00fdch p\u0159edm\u011bt\u016f. C\u00edlem je tak\u00e9 napln\u011bn\u00ed o\u010dek\u00e1v\u00e1n\u00ed vys\u00edlaj\u00edc\u00edch organizac\u00ed \u2013 kabeloven, kter\u00e9 jsou \u010dlenem AVK. Organiz\u00e1to\u0159i kurzu jsou p\u0159ipraveni ud\u011blat maximum pro to, aby byla vytvo\u0159ena mo\u017enost vzd\u011bl\u00e1n\u00ed v kabel\u00e1\u0159sk\u00e9m oboru, kter\u00fd je sv\u00fdm zp\u016fsobem nestandardn\u00ed a bere si z b\u011b\u017en\u011b vyu\u010dovan\u00fdch specializac\u00ed jen \u010d\u00e1st. V oboru, kter\u00fd se pro celou spole\u010dnost ukazuje st\u00e1le v\u00edce jako velmi dynamick\u00fd a perspektivn\u00ed a na kter\u00fd se v \u010desk\u00e9m i slovensk\u00e9m vzd\u011bl\u00e1vac\u00edm syst\u00e9mu prakticky zapomn\u011blo.<\/p>\n<h2>N\u00e1ro\u010dn\u011b, zodpov\u011bdn\u011b a efektivn\u011b<strong><br \/>\n<\/strong><\/h2>\n<p>Studium bude pro \u00fa\u010dastn\u00edky mo\u017en\u00e1 n\u00e1ro\u010dn\u00e9, ale tak\u00e9 rozhodn\u011b osobn\u011b prosp\u011b\u0161n\u00e9.<br \/>\n<strong>P\u0159ejeme v\u0161em \u00fa\u010dastn\u00edk\u016fm nezdoln\u00e9 odhodl\u00e1n\u00ed a pevn\u00e9 nervy k \u00fasp\u011b\u0161n\u00e9mu zvl\u00e1dnut\u00ed studia.<\/strong> Vys\u00edlaj\u00edc\u00edm organizac\u00edm pak, aby se jim prost\u0159edky vynalo\u017een\u00e9 do vzd\u011bl\u00e1n\u00ed sv\u00fdch zam\u011bstnanc\u016f efektivn\u011b, rychle a n\u011bkolikan\u00e1sobn\u011b vr\u00e1tili, a t\u011b\u0161\u00edme se na nadch\u00e1zej\u00edc\u00ed spolupr\u00e1ci se v\u0161emi z\u00fa\u010dastn\u011bn\u00fdmi.<\/p>\n<p>Ing. Miroslav Tesa\u0159<br \/>\nkoordin\u00e1tor procesu vzd\u011bl\u00e1v\u00e1n\u00ed AVK<\/p>\n<p><a href=\"mailto:miroslav.tesar@prakab.cz\">miroslav.tesar@prakab.cz<\/a><\/p>\n","protected":false},"excerpt":{"rendered":"<p>AVK (Asociace v\u00fdrobc\u016f kabel\u016f a vodi\u010d\u016f \u010cR a SR) p\u0159ipravuje ve spolupr\u00e1ci s \u010cVUT Praha \u010dty\u0159semestr\u00e1ln\u00ed kurz pro kabel\u00e1\u0159e. Vznik tohoto projektu byl inspirov\u00e1n zejm\u00e9na dv\u011bma d\u016fvody. Prvn\u00edm je nedostatek vysoce kvalifikovan\u00fdch spolupracovn\u00edk\u016f v na\u0161em oboru, kte\u0159\u00ed maj\u00ed komplexn\u00ed pohled &hellip; <a href=\"https:\/\/www.vyrobcikabelu.cz\/sk\/zahajeni-ctyrsemestralniho-studia-pro-kabelare\/\">Pokra\u010dova\u0165<\/a><\/p>\n","protected":false},"author":975910,"featured_media":5704,"comment_status":"closed","ping_status":"open","sticky":false,"template":"","format":"standard","meta":{"footnotes":""},"categories":[23],"tags":[],"acf":[],"yoast_head":"<!-- This site is optimized with the Yoast SEO plugin v21.8 - https:\/\/yoast.com\/wordpress\/plugins\/seo\/ -->\n<title>Zah\u00e1jen\u00ed \u010dty\u0159semestr\u00e1ln\u00edho studia pro kabel\u00e1\u0159e - AVK<\/title>\n<meta name=\"robots\" content=\"index, follow, max-snippet:-1, max-image-preview:large, max-video-preview:-1\" \/>\n<link rel=\"canonical\" href=\"https:\/\/www.vyrobcikabelu.cz\/sk\/zahajeni-ctyrsemestralniho-studia-pro-kabelare\/\" \/>\n<meta property=\"og:locale\" content=\"sk_SK\" \/>\n<meta property=\"og:type\" content=\"article\" \/>\n<meta property=\"og:title\" content=\"Zah\u00e1jen\u00ed \u010dty\u0159semestr\u00e1ln\u00edho studia pro kabel\u00e1\u0159e - AVK\" \/>\n<meta property=\"og:description\" content=\"AVK (Asociace v\u00fdrobc\u016f kabel\u016f a vodi\u010d\u016f \u010cR a SR) p\u0159ipravuje ve spolupr\u00e1ci s \u010cVUT Praha \u010dty\u0159semestr\u00e1ln\u00ed kurz pro kabel\u00e1\u0159e. Vznik tohoto projektu byl inspirov\u00e1n zejm\u00e9na dv\u011bma d\u016fvody. Prvn\u00edm je nedostatek vysoce kvalifikovan\u00fdch spolupracovn\u00edk\u016f v na\u0161em oboru, kte\u0159\u00ed maj\u00ed komplexn\u00ed pohled &hellip; Pokra\u010dova\u0165\" \/>\n<meta property=\"og:url\" content=\"https:\/\/www.vyrobcikabelu.cz\/sk\/zahajeni-ctyrsemestralniho-studia-pro-kabelare\/\" \/>\n<meta property=\"og:site_name\" content=\"AVK\" \/>\n<meta property=\"article:published_time\" content=\"2023-01-13T08:46:53+00:00\" \/>\n<meta property=\"article:modified_time\" content=\"2023-01-13T09:12:07+00:00\" \/>\n<meta property=\"og:image\" content=\"https:\/\/www.vyrobcikabelu.cz\/wp-content\/uploads\/2023\/01\/education-concept-student-studying-brainstorming-campus-concept-close-up-students-discussing-their-subject-books-textbooks-selective-focus-scaled.jpg\" \/>\n\t<meta property=\"og:image:width\" content=\"2560\" \/>\n\t<meta property=\"og:image:height\" content=\"1707\" \/>\n\t<meta property=\"og:image:type\" content=\"image\/jpeg\" \/>\n<meta name=\"author\" content=\"Miroslav Tesa\u0159\" \/>\n<meta name=\"twitter:card\" content=\"summary_large_image\" \/>\n<meta name=\"twitter:label1\" content=\"Autor\" \/>\n\t<meta name=\"twitter:data1\" content=\"Miroslav Tesa\u0159\" \/>\n\t<meta name=\"twitter:label2\" content=\"Predpokladan\u00fd \u010das \u010d\u00edtania\" \/>\n\t<meta name=\"twitter:data2\" content=\"3 min\u00faty\" \/>\n<script type=\"application\/ld+json\" class=\"yoast-schema-graph\">{\"@context\":\"https:\/\/schema.org\",\"@graph\":[{\"@type\":\"WebPage\",\"@id\":\"https:\/\/www.vyrobcikabelu.cz\/sk\/zahajeni-ctyrsemestralniho-studia-pro-kabelare\/\",\"url\":\"https:\/\/www.vyrobcikabelu.cz\/sk\/zahajeni-ctyrsemestralniho-studia-pro-kabelare\/\",\"name\":\"Zah\u00e1jen\u00ed \u010dty\u0159semestr\u00e1ln\u00edho studia pro kabel\u00e1\u0159e - AVK\",\"isPartOf\":{\"@id\":\"https:\/\/www.vyrobcikabelu.cz\/sk\/#website\"},\"datePublished\":\"2023-01-13T08:46:53+00:00\",\"dateModified\":\"2023-01-13T09:12:07+00:00\",\"author\":{\"@id\":\"https:\/\/www.vyrobcikabelu.cz\/sk\/#\/schema\/person\/5084372344fd97591acb92ddbe3d0510\"},\"breadcrumb\":{\"@id\":\"https:\/\/www.vyrobcikabelu.cz\/sk\/zahajeni-ctyrsemestralniho-studia-pro-kabelare\/#breadcrumb\"},\"inLanguage\":\"sk-SK\",\"potentialAction\":[{\"@type\":\"ReadAction\",\"target\":[\"https:\/\/www.vyrobcikabelu.cz\/sk\/zahajeni-ctyrsemestralniho-studia-pro-kabelare\/\"]}]},{\"@type\":\"BreadcrumbList\",\"@id\":\"https:\/\/www.vyrobcikabelu.cz\/sk\/zahajeni-ctyrsemestralniho-studia-pro-kabelare\/#breadcrumb\",\"itemListElement\":[{\"@type\":\"ListItem\",\"position\":1,\"name\":\"Dom\u016f\",\"item\":\"https:\/\/www.vyrobcikabelu.cz\/sk\/\"},{\"@type\":\"ListItem\",\"position\":2,\"name\":\"Zah\u00e1jen\u00ed \u010dty\u0159semestr\u00e1ln\u00edho studia pro kabel\u00e1\u0159e\"}]},{\"@type\":\"WebSite\",\"@id\":\"https:\/\/www.vyrobcikabelu.cz\/sk\/#website\",\"url\":\"https:\/\/www.vyrobcikabelu.cz\/sk\/\",\"name\":\"AVK\",\"description\":\"Dal\u0161\u00ed web pou\u017e\u00edvaj\u00edc\u00ed WordPress\",\"potentialAction\":[{\"@type\":\"SearchAction\",\"target\":{\"@type\":\"EntryPoint\",\"urlTemplate\":\"https:\/\/www.vyrobcikabelu.cz\/sk\/?s={search_term_string}\"},\"query-input\":\"required name=search_term_string\"}],\"inLanguage\":\"sk-SK\"},{\"@type\":\"Person\",\"@id\":\"https:\/\/www.vyrobcikabelu.cz\/sk\/#\/schema\/person\/5084372344fd97591acb92ddbe3d0510\",\"name\":\"Miroslav Tesa\u0159\",\"image\":{\"@type\":\"ImageObject\",\"inLanguage\":\"sk-SK\",\"@id\":\"https:\/\/www.vyrobcikabelu.cz\/sk\/#\/schema\/person\/image\/\",\"url\":\"https:\/\/secure.gravatar.com\/avatar\/b5fc4b7196ef1773aee7aaf8d14d4ebc?s=96&d=mm&r=g\",\"contentUrl\":\"https:\/\/secure.gravatar.com\/avatar\/b5fc4b7196ef1773aee7aaf8d14d4ebc?s=96&d=mm&r=g\",\"caption\":\"Miroslav Tesa\u0159\"},\"url\":\"https:\/\/www.vyrobcikabelu.cz\/sk\/author\/miroslav-tesarprakab-cz\/\"}]}<\/script>\n<!-- \/ Yoast SEO plugin. -->","yoast_head_json":{"title":"Zah\u00e1jen\u00ed \u010dty\u0159semestr\u00e1ln\u00edho studia pro kabel\u00e1\u0159e - AVK","robots":{"index":"index","follow":"follow","max-snippet":"max-snippet:-1","max-image-preview":"max-image-preview:large","max-video-preview":"max-video-preview:-1"},"canonical":"https:\/\/www.vyrobcikabelu.cz\/sk\/zahajeni-ctyrsemestralniho-studia-pro-kabelare\/","og_locale":"sk_SK","og_type":"article","og_title":"Zah\u00e1jen\u00ed \u010dty\u0159semestr\u00e1ln\u00edho studia pro kabel\u00e1\u0159e - AVK","og_description":"AVK (Asociace v\u00fdrobc\u016f kabel\u016f a vodi\u010d\u016f \u010cR a SR) p\u0159ipravuje ve spolupr\u00e1ci s \u010cVUT Praha \u010dty\u0159semestr\u00e1ln\u00ed kurz pro kabel\u00e1\u0159e. Vznik tohoto projektu byl inspirov\u00e1n zejm\u00e9na dv\u011bma d\u016fvody. Prvn\u00edm je nedostatek vysoce kvalifikovan\u00fdch spolupracovn\u00edk\u016f v na\u0161em oboru, kte\u0159\u00ed maj\u00ed komplexn\u00ed pohled &hellip; Pokra\u010dova\u0165","og_url":"https:\/\/www.vyrobcikabelu.cz\/sk\/zahajeni-ctyrsemestralniho-studia-pro-kabelare\/","og_site_name":"AVK","article_published_time":"2023-01-13T08:46:53+00:00","article_modified_time":"2023-01-13T09:12:07+00:00","og_image":[{"width":2560,"height":1707,"url":"https:\/\/www.vyrobcikabelu.cz\/wp-content\/uploads\/2023\/01\/education-concept-student-studying-brainstorming-campus-concept-close-up-students-discussing-their-subject-books-textbooks-selective-focus-scaled.jpg","type":"image\/jpeg"}],"author":"Miroslav Tesa\u0159","twitter_card":"summary_large_image","twitter_misc":{"Autor":"Miroslav Tesa\u0159","Predpokladan\u00fd \u010das \u010d\u00edtania":"3 min\u00faty"},"schema":{"@context":"https:\/\/schema.org","@graph":[{"@type":"WebPage","@id":"https:\/\/www.vyrobcikabelu.cz\/sk\/zahajeni-ctyrsemestralniho-studia-pro-kabelare\/","url":"https:\/\/www.vyrobcikabelu.cz\/sk\/zahajeni-ctyrsemestralniho-studia-pro-kabelare\/","name":"Zah\u00e1jen\u00ed \u010dty\u0159semestr\u00e1ln\u00edho studia pro kabel\u00e1\u0159e - AVK","isPartOf":{"@id":"https:\/\/www.vyrobcikabelu.cz\/sk\/#website"},"datePublished":"2023-01-13T08:46:53+00:00","dateModified":"2023-01-13T09:12:07+00:00","author":{"@id":"https:\/\/www.vyrobcikabelu.cz\/sk\/#\/schema\/person\/5084372344fd97591acb92ddbe3d0510"},"breadcrumb":{"@id":"https:\/\/www.vyrobcikabelu.cz\/sk\/zahajeni-ctyrsemestralniho-studia-pro-kabelare\/#breadcrumb"},"inLanguage":"sk-SK","potentialAction":[{"@type":"ReadAction","target":["https:\/\/www.vyrobcikabelu.cz\/sk\/zahajeni-ctyrsemestralniho-studia-pro-kabelare\/"]}]},{"@type":"BreadcrumbList","@id":"https:\/\/www.vyrobcikabelu.cz\/sk\/zahajeni-ctyrsemestralniho-studia-pro-kabelare\/#breadcrumb","itemListElement":[{"@type":"ListItem","position":1,"name":"Dom\u016f","item":"https:\/\/www.vyrobcikabelu.cz\/sk\/"},{"@type":"ListItem","position":2,"name":"Zah\u00e1jen\u00ed \u010dty\u0159semestr\u00e1ln\u00edho studia pro kabel\u00e1\u0159e"}]},{"@type":"WebSite","@id":"https:\/\/www.vyrobcikabelu.cz\/sk\/#website","url":"https:\/\/www.vyrobcikabelu.cz\/sk\/","name":"AVK","description":"Dal\u0161\u00ed web pou\u017e\u00edvaj\u00edc\u00ed WordPress","potentialAction":[{"@type":"SearchAction","target":{"@type":"EntryPoint","urlTemplate":"https:\/\/www.vyrobcikabelu.cz\/sk\/?s={search_term_string}"},"query-input":"required name=search_term_string"}],"inLanguage":"sk-SK"},{"@type":"Person","@id":"https:\/\/www.vyrobcikabelu.cz\/sk\/#\/schema\/person\/5084372344fd97591acb92ddbe3d0510","name":"Miroslav Tesa\u0159","image":{"@type":"ImageObject","inLanguage":"sk-SK","@id":"https:\/\/www.vyrobcikabelu.cz\/sk\/#\/schema\/person\/image\/","url":"https:\/\/secure.gravatar.com\/avatar\/b5fc4b7196ef1773aee7aaf8d14d4ebc?s=96&d=mm&r=g","contentUrl":"https:\/\/secure.gravatar.com\/avatar\/b5fc4b7196ef1773aee7aaf8d14d4ebc?s=96&d=mm&r=g","caption":"Miroslav Tesa\u0159"},"url":"https:\/\/www.vyrobcikabelu.cz\/sk\/author\/miroslav-tesarprakab-cz\/"}]}},"_links":{"self":[{"href":"https:\/\/www.vyrobcikabelu.cz\/sk\/wp-json\/wp\/v2\/posts\/5708"}],"collection":[{"href":"https:\/\/www.vyrobcikabelu.cz\/sk\/wp-json\/wp\/v2\/posts"}],"about":[{"href":"https:\/\/www.vyrobcikabelu.cz\/sk\/wp-json\/wp\/v2\/types\/post"}],"author":[{"embeddable":true,"href":"https:\/\/www.vyrobcikabelu.cz\/sk\/wp-json\/wp\/v2\/users\/975910"}],"replies":[{"embeddable":true,"href":"https:\/\/www.vyrobcikabelu.cz\/sk\/wp-json\/wp\/v2\/comments?post=5708"}],"version-history":[{"count":5,"href":"https:\/\/www.vyrobcikabelu.cz\/sk\/wp-json\/wp\/v2\/posts\/5708\/revisions"}],"predecessor-version":[{"id":5719,"href":"https:\/\/www.vyrobcikabelu.cz\/sk\/wp-json\/wp\/v2\/posts\/5708\/revisions\/5719"}],"wp:featuredmedia":[{"embeddable":true,"href":"https:\/\/www.vyrobcikabelu.cz\/sk\/wp-json\/wp\/v2\/media\/5704"}],"wp:attachment":[{"href":"https:\/\/www.vyrobcikabelu.cz\/sk\/wp-json\/wp\/v2\/media?parent=5708"}],"wp:term":[{"taxonomy":"category","embeddable":true,"href":"https:\/\/www.vyrobcikabelu.cz\/sk\/wp-json\/wp\/v2\/categories?post=5708"},{"taxonomy":"post_tag","embeddable":true,"href":"https:\/\/www.vyrobcikabelu.cz\/sk\/wp-json\/wp\/v2\/tags?post=5708"}],"curies":[{"name":"wp","href":"https:\/\/api.w.org\/{rel}","templated":true}]}}