{"id":5956,"date":"2023-07-12T09:20:12","date_gmt":"2023-07-12T09:20:12","guid":{"rendered":"https:\/\/www.vyrobcikabelu.cz\/nekvalitni-fotovoltaicky-kabel-general-cavi\/"},"modified":"2023-10-10T21:49:03","modified_gmt":"2023-10-10T21:49:03","slug":"nekvalitni-fotovoltaicky-kabel-general-cavi","status":"publish","type":"post","link":"https:\/\/www.vyrobcikabelu.cz\/sk\/nekvalitni-fotovoltaicky-kabel-general-cavi\/","title":{"rendered":"Nekvalitn\u00ed fotovoltaick\u00fd kabel General Cavi"},"content":{"rendered":"<p><img loading=\"lazy\" decoding=\"async\" class=\" wp-image-5976 alignright\" src=\"https:\/\/www.vyrobcikabelu.cz\/wp-content\/uploads\/2023\/07\/AVK_newsletter_2023-fve-kabely-2-1-300x136.jpg\" alt=\"\" width=\"536\" height=\"243\" srcset=\"https:\/\/www.vyrobcikabelu.cz\/wp-content\/uploads\/2023\/07\/AVK_newsletter_2023-fve-kabely-2-1-300x136.jpg 300w, https:\/\/www.vyrobcikabelu.cz\/wp-content\/uploads\/2023\/07\/AVK_newsletter_2023-fve-kabely-2-1-1024x465.jpg 1024w, https:\/\/www.vyrobcikabelu.cz\/wp-content\/uploads\/2023\/07\/AVK_newsletter_2023-fve-kabely-2-1-768x349.jpg 768w, https:\/\/www.vyrobcikabelu.cz\/wp-content\/uploads\/2023\/07\/AVK_newsletter_2023-fve-kabely-2-1.jpg 1320w\" sizes=\"(max-width: 536px) 100vw, 536px\" \/>V\u00e1\u017een\u00ed \u010dten\u00e1\u0159i,<\/p>\n<p>pravideln\u011b v\u00e1m p\u0159edkl\u00e1d\u00e1me v na\u0161em webov\u00e9m Zpravodaji AVK \u010dl\u00e1nky s vysoce odbornou t\u00e9matikou, informacemi z odborn\u00e9ho vzd\u011bl\u00e1v\u00e1n\u00ed nebo novinky z kabel\u00e1\u0159sk\u00e9ho oboru. Bohu\u017eel v\u00e1s st\u00e1le \u010dast\u011bji informujeme i o zji\u0161t\u011bn\u00edch vypl\u00fdvaj\u00edc\u00edch z nedisciplinovanosti n\u011bkter\u00fdch kabel\u00e1\u0159sk\u00fdch v\u00fdrobc\u016f a import\u00e9r\u016f, pokud se jedn\u00e1 o dodr\u017eov\u00e1n\u00ed kvalitativn\u00edch parametr\u016f u v\u00fdrobk\u016f dostupn\u00fdch na trhu v \u010cR a SR.<\/p>\n<h2><strong>Ka\u017ed\u00fd chybuje, AVK kontroluje \u2026<\/strong><\/h2>\n<p>\nPokud se v\u00fdrobci p\u0159ihod\u00ed, \u017ee p\u0159es ve\u0161kerou snahu dod\u00e1 na trh v\u00fdrobek s obt\u00ed\u017en\u011b \u010diteln\u00fdm popisem, \u010d\u00e1ste\u010dn\u011b opomenut\u00fdm zna\u010den\u00edm nebo jin\u00fdm m\u00e9n\u011b z\u00e1va\u017en\u00fdm nedostatkem, kter\u00fd nem\u00e1 skute\u010dn\u011b z\u00e1sadn\u00ed vliv na funk\u010dnost v\u00fdrobku a bezpe\u010dnost u\u017eivatele nebo dopad na \u017eivotn\u00ed prost\u0159ed\u00ed, ned\u011bl\u00e1me p\u0159i nam\u00e1tkov\u00fdch kontrol\u00e1ch na trhu \u017e\u00e1dn\u00e9 negativn\u00ed z\u00e1v\u011bry z takov\u00fdch \u201edrobn\u00fdch\u201c nedostatk\u016f.<\/p>\n<p>Pokud v\u0161ak AVK zachyt\u00ed p\u0159i nam\u00e1tkov\u00e9 kontrole b\u011b\u017en\u011b pou\u017e\u00edvan\u00fdch kabel\u016f pro fotovoltaick\u00e9 elektr\u00e1rny v\u0161ech velikost\u00ed nekvalitn\u00ed v\u00fdrobky, mus\u00ed zareagovat a tak\u00e9 informovat v\u00e1s, koncov\u00e9 u\u017eivatele, kte\u0159\u00ed instalujete, nebo se chyst\u00e1te instalovat tyto kabely. O pot\u00ed\u017e\u00edch s uveden\u00fdm sortimentem varoval ji\u017e v pr\u016fb\u011bhu \u010dervna <a href=\"https:\/\/www.vyrobcikabelu.cz\/sk\/kvalita-kabelu-pro-fotovoltaicke-elektrarny\/\" target=\"_blank\" rel=\"noopener\">ve sv\u00e9m \u010dl\u00e1nku<\/a> tak\u00e9 expert na kvalitu, pan Rime\u0161, alarmuj\u00edc\u00edm zji\u0161t\u011bn\u00edm, \u017ee z 20 zkou\u0161en\u00fdch fotovoltaick\u00fdch v\u00fdrobk\u016f POUZE 4 vyhov\u011bly!<\/p>\n<h2><strong>Upozorn\u011bn\u00ed na nekvalitn\u00ed dod\u00e1vky fotovoltaick\u00fdch kabel\u016f<\/strong><\/h2>\n<p>\nTentokr\u00e1t nav\u00edc mus\u00edm varovat p\u0159ed konkr\u00e9tn\u00edmi dod\u00e1vkami fotovoltaick\u00fdch kabel\u016f typu H1Z2Z2-K od v\u00fdrobce General Cavi, Via Dell Industria 22, 48017 Lavezzola, It\u00e1lie. Zkouman\u00fd v\u00fdrobek pr\u016f\u0159ezu 1 x 6 mm2 byl ofici\u00e1ln\u011b zakoupen spole\u010dn\u011b s n\u011bkolika dal\u0161\u00edmi sol\u00e1rn\u00edmi kabely v distribu\u010dn\u00ed spole\u010dnosti<\/p>\n<p>Sonepar s.r.o. Hradec Kr\u00e1lov\u00e9 IC 47450436 v prodejn\u011b v Hradci Kr\u00e1lov\u00e9. Uveden\u00fd typ kabelu byl p\u0159ezkou\u0161en ve zku\u0161ebn\u00e1ch, a proto\u017ee vykazoval z\u00e1sadn\u00ed kvalitativn\u00ed nedostatky v mnoha parametrech, byl p\u0159ed\u00e1n k ofici\u00e1ln\u00ed verifikaci na EZ\u00da Praha k\u00a0proveden\u00ed nez\u00e1visl\u00fdch zkou\u0161ek, kter\u00e9 z\u00e1sadn\u00ed chyby v\u00a0kvalitativn\u00edch elektrick\u00fdch i mechanick\u00fdch parametrech potvrdily. Pou\u017eit\u00ed takov\u00fdch kabel\u016f p\u0159i fotovoltaick\u00fdch instalac\u00edch je nep\u0159\u00edpustn\u00e9, proto\u017ee mohou v\u00e1\u017en\u011b ohrozit majetek, zdrav\u00ed i funk\u010dnost a jejich zakoupen\u00ed ani instalaci ur\u010dit\u011b nedoporu\u010dujeme.<\/p>\n<h2><strong>\u010cOI byl pod\u00e1n podn\u011bt k\u00a0pro\u0161et\u0159en\u00ed <\/strong><\/h2>\n<p>Samoz\u0159ejm\u011b jsme v\u00fdrobce objektivn\u011b informovali o zji\u0161t\u011bn\u00fdch nedostatc\u00edch na uveden\u00e9m produktu a z\u00e1rove\u0148 podali podn\u011bt na \u010cOI k\u00a0pro\u0161et\u0159en\u00ed s\u00a0\u017e\u00e1dost\u00ed o na\u0159\u00edzen\u00ed sta\u017een\u00ed nevyhovuj\u00edc\u00edho v\u00fdrobku z\u00a0distribu\u010dn\u00ed s\u00edt\u011b. <br \/>\nNicm\u00e9n\u011b na v\u00e1s mil\u00ed \u010dten\u00e1\u0159i, odb\u011bratel\u00e9, z\u00e1kazn\u00edci, spot\u0159ebitel\u00e9 st\u00e1le z\u016fst\u00e1v\u00e1 maxim\u00e1ln\u00ed ostra\u017eitost p\u0159i n\u00e1kupu kabel\u00e1\u0159sk\u00fdch v\u00fdrobk\u016f. Nepodce\u0148ujte elektrick\u00e9 ani mechanick\u00e9 parametry kabel\u016f a spolehn\u011bte se proto na tradi\u010dn\u00ed, seri\u00f3zn\u00ed a osv\u011bd\u010den\u00e9 dodavatele s \u0159\u00e1dn\u00fdm certifik\u00e1tem a s v\u00fdrobkem vy\u017eadujte Prohl\u00e1\u0161en\u00ed v\u00fdrobce o shod\u011b.<\/p>\n<p>P\u0159eji sob\u011b i v\u00e1m, abyste se s\u00a0nekvalitn\u00edmi v\u00fdrobky setk\u00e1vali nad\u00e1le zcela miziv\u011b.<\/p>\n<p>Ing. Miroslav Trojan\u00a0<\/p>\n","protected":false},"excerpt":{"rendered":"<p>V\u00e1\u017een\u00ed \u010dten\u00e1\u0159i, pravideln\u011b v\u00e1m p\u0159edkl\u00e1d\u00e1me v na\u0161em webov\u00e9m Zpravodaji AVK \u010dl\u00e1nky s vysoce odbornou t\u00e9matikou, informacemi z odborn\u00e9ho vzd\u011bl\u00e1v\u00e1n\u00ed nebo novinky z kabel\u00e1\u0159sk\u00e9ho oboru. Bohu\u017eel v\u00e1s st\u00e1le \u010dast\u011bji informujeme i o zji\u0161t\u011bn\u00edch vypl\u00fdvaj\u00edc\u00edch z nedisciplinovanosti n\u011bkter\u00fdch kabel\u00e1\u0159sk\u00fdch v\u00fdrobc\u016f a import\u00e9r\u016f, &hellip; <a href=\"https:\/\/www.vyrobcikabelu.cz\/sk\/nekvalitni-fotovoltaicky-kabel-general-cavi\/\">Pokra\u010dova\u0165<\/a><\/p>\n","protected":false},"author":25,"featured_media":5992,"comment_status":"closed","ping_status":"closed","sticky":false,"template":"","format":"standard","meta":{"footnotes":""},"categories":[20],"tags":[],"acf":[],"yoast_head":"<!-- This site is optimized with the Yoast SEO plugin v21.8 - https:\/\/yoast.com\/wordpress\/plugins\/seo\/ -->\n<title>Nekvalitn\u00ed fotovoltaick\u00fd kabel General Cavi - AVK<\/title>\n<meta name=\"robots\" content=\"index, follow, max-snippet:-1, max-image-preview:large, max-video-preview:-1\" \/>\n<link rel=\"canonical\" href=\"https:\/\/www.vyrobcikabelu.cz\/sk\/nekvalitni-fotovoltaicky-kabel-general-cavi\/\" \/>\n<meta property=\"og:locale\" content=\"sk_SK\" \/>\n<meta property=\"og:type\" content=\"article\" \/>\n<meta property=\"og:title\" content=\"Nekvalitn\u00ed fotovoltaick\u00fd kabel General Cavi - AVK\" \/>\n<meta property=\"og:description\" content=\"V\u00e1\u017een\u00ed \u010dten\u00e1\u0159i, pravideln\u011b v\u00e1m p\u0159edkl\u00e1d\u00e1me v na\u0161em webov\u00e9m Zpravodaji AVK \u010dl\u00e1nky s vysoce odbornou t\u00e9matikou, informacemi z odborn\u00e9ho vzd\u011bl\u00e1v\u00e1n\u00ed nebo novinky z kabel\u00e1\u0159sk\u00e9ho oboru. Bohu\u017eel v\u00e1s st\u00e1le \u010dast\u011bji informujeme i o zji\u0161t\u011bn\u00edch vypl\u00fdvaj\u00edc\u00edch z nedisciplinovanosti n\u011bkter\u00fdch kabel\u00e1\u0159sk\u00fdch v\u00fdrobc\u016f a import\u00e9r\u016f, &hellip; Pokra\u010dova\u0165\" \/>\n<meta property=\"og:url\" content=\"https:\/\/www.vyrobcikabelu.cz\/sk\/nekvalitni-fotovoltaicky-kabel-general-cavi\/\" \/>\n<meta property=\"og:site_name\" content=\"AVK\" \/>\n<meta property=\"article:published_time\" content=\"2023-07-12T09:20:12+00:00\" \/>\n<meta property=\"article:modified_time\" content=\"2023-10-10T21:49:03+00:00\" \/>\n<meta property=\"og:image\" content=\"https:\/\/www.vyrobcikabelu.cz\/wp-content\/uploads\/2023\/07\/AVK_newsletter_2023-fve-kabely-1-1.jpg\" \/>\n\t<meta property=\"og:image:width\" content=\"728\" \/>\n\t<meta property=\"og:image:height\" content=\"600\" \/>\n\t<meta property=\"og:image:type\" content=\"image\/jpeg\" \/>\n<meta name=\"author\" content=\"Miroslav Trojan\" \/>\n<meta name=\"twitter:card\" content=\"summary_large_image\" \/>\n<meta name=\"twitter:label1\" content=\"Autor\" \/>\n\t<meta name=\"twitter:data1\" content=\"Miroslav Trojan\" \/>\n\t<meta name=\"twitter:label2\" content=\"Predpokladan\u00fd \u010das \u010d\u00edtania\" \/>\n\t<meta name=\"twitter:data2\" content=\"3 min\u00faty\" \/>\n<script type=\"application\/ld+json\" class=\"yoast-schema-graph\">{\"@context\":\"https:\/\/schema.org\",\"@graph\":[{\"@type\":\"WebPage\",\"@id\":\"https:\/\/www.vyrobcikabelu.cz\/sk\/nekvalitni-fotovoltaicky-kabel-general-cavi\/\",\"url\":\"https:\/\/www.vyrobcikabelu.cz\/sk\/nekvalitni-fotovoltaicky-kabel-general-cavi\/\",\"name\":\"Nekvalitn\u00ed fotovoltaick\u00fd kabel General Cavi - AVK\",\"isPartOf\":{\"@id\":\"https:\/\/www.vyrobcikabelu.cz\/sk\/#website\"},\"datePublished\":\"2023-07-12T09:20:12+00:00\",\"dateModified\":\"2023-10-10T21:49:03+00:00\",\"author\":{\"@id\":\"https:\/\/www.vyrobcikabelu.cz\/sk\/#\/schema\/person\/1ff5b7b8c338eedc932753eb48c970a5\"},\"breadcrumb\":{\"@id\":\"https:\/\/www.vyrobcikabelu.cz\/sk\/nekvalitni-fotovoltaicky-kabel-general-cavi\/#breadcrumb\"},\"inLanguage\":\"sk-SK\",\"potentialAction\":[{\"@type\":\"ReadAction\",\"target\":[\"https:\/\/www.vyrobcikabelu.cz\/sk\/nekvalitni-fotovoltaicky-kabel-general-cavi\/\"]}]},{\"@type\":\"BreadcrumbList\",\"@id\":\"https:\/\/www.vyrobcikabelu.cz\/sk\/nekvalitni-fotovoltaicky-kabel-general-cavi\/#breadcrumb\",\"itemListElement\":[{\"@type\":\"ListItem\",\"position\":1,\"name\":\"Dom\u016f\",\"item\":\"https:\/\/www.vyrobcikabelu.cz\/sk\/\"},{\"@type\":\"ListItem\",\"position\":2,\"name\":\"Nekvalitn\u00ed fotovoltaick\u00fd kabel General Cavi\"}]},{\"@type\":\"WebSite\",\"@id\":\"https:\/\/www.vyrobcikabelu.cz\/sk\/#website\",\"url\":\"https:\/\/www.vyrobcikabelu.cz\/sk\/\",\"name\":\"AVK\",\"description\":\"Dal\u0161\u00ed web pou\u017e\u00edvaj\u00edc\u00ed WordPress\",\"potentialAction\":[{\"@type\":\"SearchAction\",\"target\":{\"@type\":\"EntryPoint\",\"urlTemplate\":\"https:\/\/www.vyrobcikabelu.cz\/sk\/?s={search_term_string}\"},\"query-input\":\"required name=search_term_string\"}],\"inLanguage\":\"sk-SK\"},{\"@type\":\"Person\",\"@id\":\"https:\/\/www.vyrobcikabelu.cz\/sk\/#\/schema\/person\/1ff5b7b8c338eedc932753eb48c970a5\",\"name\":\"Miroslav Trojan\",\"image\":{\"@type\":\"ImageObject\",\"inLanguage\":\"sk-SK\",\"@id\":\"https:\/\/www.vyrobcikabelu.cz\/sk\/#\/schema\/person\/image\/\",\"url\":\"https:\/\/secure.gravatar.com\/avatar\/d302409979883615490a02b1662d7242?s=96&d=mm&r=g\",\"contentUrl\":\"https:\/\/secure.gravatar.com\/avatar\/d302409979883615490a02b1662d7242?s=96&d=mm&r=g\",\"caption\":\"Miroslav Trojan\"},\"url\":\"https:\/\/www.vyrobcikabelu.cz\/sk\/author\/trojan\/\"}]}<\/script>\n<!-- \/ Yoast SEO plugin. -->","yoast_head_json":{"title":"Nekvalitn\u00ed fotovoltaick\u00fd kabel General Cavi - AVK","robots":{"index":"index","follow":"follow","max-snippet":"max-snippet:-1","max-image-preview":"max-image-preview:large","max-video-preview":"max-video-preview:-1"},"canonical":"https:\/\/www.vyrobcikabelu.cz\/sk\/nekvalitni-fotovoltaicky-kabel-general-cavi\/","og_locale":"sk_SK","og_type":"article","og_title":"Nekvalitn\u00ed fotovoltaick\u00fd kabel General Cavi - AVK","og_description":"V\u00e1\u017een\u00ed \u010dten\u00e1\u0159i, pravideln\u011b v\u00e1m p\u0159edkl\u00e1d\u00e1me v na\u0161em webov\u00e9m Zpravodaji AVK \u010dl\u00e1nky s vysoce odbornou t\u00e9matikou, informacemi z odborn\u00e9ho vzd\u011bl\u00e1v\u00e1n\u00ed nebo novinky z kabel\u00e1\u0159sk\u00e9ho oboru. Bohu\u017eel v\u00e1s st\u00e1le \u010dast\u011bji informujeme i o zji\u0161t\u011bn\u00edch vypl\u00fdvaj\u00edc\u00edch z nedisciplinovanosti n\u011bkter\u00fdch kabel\u00e1\u0159sk\u00fdch v\u00fdrobc\u016f a import\u00e9r\u016f, &hellip; Pokra\u010dova\u0165","og_url":"https:\/\/www.vyrobcikabelu.cz\/sk\/nekvalitni-fotovoltaicky-kabel-general-cavi\/","og_site_name":"AVK","article_published_time":"2023-07-12T09:20:12+00:00","article_modified_time":"2023-10-10T21:49:03+00:00","og_image":[{"width":728,"height":600,"url":"https:\/\/www.vyrobcikabelu.cz\/wp-content\/uploads\/2023\/07\/AVK_newsletter_2023-fve-kabely-1-1.jpg","type":"image\/jpeg"}],"author":"Miroslav Trojan","twitter_card":"summary_large_image","twitter_misc":{"Autor":"Miroslav Trojan","Predpokladan\u00fd \u010das \u010d\u00edtania":"3 min\u00faty"},"schema":{"@context":"https:\/\/schema.org","@graph":[{"@type":"WebPage","@id":"https:\/\/www.vyrobcikabelu.cz\/sk\/nekvalitni-fotovoltaicky-kabel-general-cavi\/","url":"https:\/\/www.vyrobcikabelu.cz\/sk\/nekvalitni-fotovoltaicky-kabel-general-cavi\/","name":"Nekvalitn\u00ed fotovoltaick\u00fd kabel General Cavi - AVK","isPartOf":{"@id":"https:\/\/www.vyrobcikabelu.cz\/sk\/#website"},"datePublished":"2023-07-12T09:20:12+00:00","dateModified":"2023-10-10T21:49:03+00:00","author":{"@id":"https:\/\/www.vyrobcikabelu.cz\/sk\/#\/schema\/person\/1ff5b7b8c338eedc932753eb48c970a5"},"breadcrumb":{"@id":"https:\/\/www.vyrobcikabelu.cz\/sk\/nekvalitni-fotovoltaicky-kabel-general-cavi\/#breadcrumb"},"inLanguage":"sk-SK","potentialAction":[{"@type":"ReadAction","target":["https:\/\/www.vyrobcikabelu.cz\/sk\/nekvalitni-fotovoltaicky-kabel-general-cavi\/"]}]},{"@type":"BreadcrumbList","@id":"https:\/\/www.vyrobcikabelu.cz\/sk\/nekvalitni-fotovoltaicky-kabel-general-cavi\/#breadcrumb","itemListElement":[{"@type":"ListItem","position":1,"name":"Dom\u016f","item":"https:\/\/www.vyrobcikabelu.cz\/sk\/"},{"@type":"ListItem","position":2,"name":"Nekvalitn\u00ed fotovoltaick\u00fd kabel General Cavi"}]},{"@type":"WebSite","@id":"https:\/\/www.vyrobcikabelu.cz\/sk\/#website","url":"https:\/\/www.vyrobcikabelu.cz\/sk\/","name":"AVK","description":"Dal\u0161\u00ed web pou\u017e\u00edvaj\u00edc\u00ed WordPress","potentialAction":[{"@type":"SearchAction","target":{"@type":"EntryPoint","urlTemplate":"https:\/\/www.vyrobcikabelu.cz\/sk\/?s={search_term_string}"},"query-input":"required name=search_term_string"}],"inLanguage":"sk-SK"},{"@type":"Person","@id":"https:\/\/www.vyrobcikabelu.cz\/sk\/#\/schema\/person\/1ff5b7b8c338eedc932753eb48c970a5","name":"Miroslav Trojan","image":{"@type":"ImageObject","inLanguage":"sk-SK","@id":"https:\/\/www.vyrobcikabelu.cz\/sk\/#\/schema\/person\/image\/","url":"https:\/\/secure.gravatar.com\/avatar\/d302409979883615490a02b1662d7242?s=96&d=mm&r=g","contentUrl":"https:\/\/secure.gravatar.com\/avatar\/d302409979883615490a02b1662d7242?s=96&d=mm&r=g","caption":"Miroslav Trojan"},"url":"https:\/\/www.vyrobcikabelu.cz\/sk\/author\/trojan\/"}]}},"_links":{"self":[{"href":"https:\/\/www.vyrobcikabelu.cz\/sk\/wp-json\/wp\/v2\/posts\/5956"}],"collection":[{"href":"https:\/\/www.vyrobcikabelu.cz\/sk\/wp-json\/wp\/v2\/posts"}],"about":[{"href":"https:\/\/www.vyrobcikabelu.cz\/sk\/wp-json\/wp\/v2\/types\/post"}],"author":[{"embeddable":true,"href":"https:\/\/www.vyrobcikabelu.cz\/sk\/wp-json\/wp\/v2\/users\/25"}],"replies":[{"embeddable":true,"href":"https:\/\/www.vyrobcikabelu.cz\/sk\/wp-json\/wp\/v2\/comments?post=5956"}],"version-history":[{"count":7,"href":"https:\/\/www.vyrobcikabelu.cz\/sk\/wp-json\/wp\/v2\/posts\/5956\/revisions"}],"predecessor-version":[{"id":6050,"href":"https:\/\/www.vyrobcikabelu.cz\/sk\/wp-json\/wp\/v2\/posts\/5956\/revisions\/6050"}],"wp:featuredmedia":[{"embeddable":true,"href":"https:\/\/www.vyrobcikabelu.cz\/sk\/wp-json\/wp\/v2\/media\/5992"}],"wp:attachment":[{"href":"https:\/\/www.vyrobcikabelu.cz\/sk\/wp-json\/wp\/v2\/media?parent=5956"}],"wp:term":[{"taxonomy":"category","embeddable":true,"href":"https:\/\/www.vyrobcikabelu.cz\/sk\/wp-json\/wp\/v2\/categories?post=5956"},{"taxonomy":"post_tag","embeddable":true,"href":"https:\/\/www.vyrobcikabelu.cz\/sk\/wp-json\/wp\/v2\/tags?post=5956"}],"curies":[{"name":"wp","href":"https:\/\/api.w.org\/{rel}","templated":true}]}}