{"id":6012,"date":"2023-08-18T07:54:28","date_gmt":"2023-08-18T07:54:28","guid":{"rendered":"https:\/\/www.vyrobcikabelu.cz\/sonepar-spol-s-r-o-a-avk-spolecne-proti-nekvalite\/"},"modified":"2023-08-18T07:54:28","modified_gmt":"2023-08-18T07:54:28","slug":"sonepar-spol-s-r-o-a-avk-spolecne-proti-nekvalite","status":"publish","type":"post","link":"https:\/\/www.vyrobcikabelu.cz\/sk\/sonepar-spol-s-r-o-a-avk-spolecne-proti-nekvalite\/","title":{"rendered":"Sonepar spol. s\u00a0r.o. a AVK spole\u010dn\u011b proti nekvalit\u011b"},"content":{"rendered":"<p><img loading=\"lazy\" decoding=\"async\" class=\"size-medium wp-image-764 alignright\" src=\"https:\/\/www.vyrobcikabelu.cz\/wp-content\/uploads\/2017\/01\/DSCF0268-300x200.jpg\" alt=\"\" width=\"300\" height=\"200\" srcset=\"https:\/\/www.vyrobcikabelu.cz\/wp-content\/uploads\/2017\/01\/DSCF0268-300x200.jpg 300w, https:\/\/www.vyrobcikabelu.cz\/wp-content\/uploads\/2017\/01\/DSCF0268-768x512.jpg 768w, https:\/\/www.vyrobcikabelu.cz\/wp-content\/uploads\/2017\/01\/DSCF0268.jpg 800w\" sizes=\"(max-width: 300px) 100vw, 300px\" \/>V\u00e1\u017een\u00ed \u010dten\u00e1\u0159i a z\u00e1kazn\u00edci,<\/p>\n<p>t\u00edmto \u010dl\u00e1nkem se vrac\u00edme k\u00a0tolik diskutovan\u00e9mu t\u00e9matu t\u00fdkaj\u00edc\u00edmu se nekvalitn\u00edch kabel\u016f na trhu v\u00a0\u010cR a SR. D\u00edky va\u0161\u00ed \u010detn\u00e9 reakci na rozeslan\u00fd Newsletter AVK a d\u00edky <a href=\"https:\/\/www.vyrobcikabelu.cz\/sk\/nekvalitni-fotovoltaicky-kabel-general-cavi\/\" target=\"_blank\" rel=\"noopener\">pozitivn\u00edm reakc\u00edm p\u0159\u00edmo k\u00a0\u010dl\u00e1nku na webu AVK<\/a> ch\u00e1peme, \u017ee t\u00e9ma kvality je pro v\u00e1s zaj\u00edmav\u00e9 a \u017ee dlouholet\u00e1 \u010dinnost AVK v monitorov\u00e1n\u00ed kvality trhu je pro v\u00e1s prosp\u011b\u0161n\u00e1<\/p>\n<h2><strong>Otev\u0159en\u00e1, f\u00e9rov\u00e1 a v\u011bcn\u00e1 v\u00fdm\u011bna n\u00e1zor\u016f<\/strong><\/h2>\n<p>V n\u00e1vaznosti na uveden\u00fd \u010dl\u00e1nek jsme tak\u00e9 diskutovali s gener\u00e1ln\u00edm \u0159editelem spole\u010dnosti Sonepar spol. s r.o., panem Ing. Ji\u0159\u00edm Loudou, tento konkr\u00e9tn\u00ed p\u0159\u00edpad a tak\u00e9 hledali cestu, jak spole\u010dn\u011b v budoucnu eliminovat dal\u0161\u00ed v\u00fdskyt nekvality kabel\u00e1\u0159sk\u00fdch v\u00fdrobk\u016f na trz\u00edch v \u010cR a SR a zabr\u00e1nit tak nekal\u00fdm praktik\u00e1m nepoctiv\u00fdch v\u00fdrobc\u016f, dod\u00e1vaj\u00edc\u00edch do distribu\u010dn\u00edch s\u00edt\u00ed.<\/p>\n<h2><strong>Nekvalitn\u00ed kabel byl dovezen import\u00e9rem Allkabel s.r.o.<\/strong><\/h2>\n<p>Pan gener\u00e1ln\u00ed \u0159editel v\u00a0diskusi zd\u016fraznil, \u017ee Sonepar spol. s\u00a0r.o. v\u00a0pr\u016fb\u011bhu des\u00edtek let v\u017edy db\u00e1 na kvalitu prod\u00e1van\u00fdch v\u00fdrobk\u016f a pe\u010dliv\u011b buduje svoji zna\u010dku seri\u00f3zn\u00edho a spolehliv\u00e9ho distributora elektrotechnick\u00fdch v\u00fdrobk\u016f, p\u0159i\u010dem\u017e vn\u00edm\u00e1 jakoukoliv zji\u0161t\u011bnou nekvalitu jako dal\u0161\u00ed impulz pro syst\u00e9mov\u00e9 zlep\u0161en\u00ed p\u0159i v\u00fdb\u011bru seri\u00f3zn\u00edch obchodn\u00edch partner\u016f. Proto tak\u00e9 pan Louda pova\u017euje za nezbytn\u00e9 uv\u00e9st, \u017ee nekvalitn\u00ed kabel od spole\u010dnosti General Cavi se dostal do sklad\u016f Sonepar spol. s\u00a0r.o. od import\u00e9ra Allkabel, Skandin\u00e1vsk\u00e1 989, \u017debr\u00e1k, co\u017e m\u016f\u017ee kdykoliv \u0159\u00e1dn\u011b dolo\u017eit. Je proto nutn\u00e9 \u010dten\u00e1\u0159e a z\u00e1kazn\u00edky informovat, \u017ee nekvalitn\u00ed kabel p\u0159evzat\u00fd od spole\u010dnosti Allkabel s.r.o. se m\u016f\u017ee vyskytovat tak\u00e9 ve skladech u ostatn\u00edch distribu\u010dn\u00edch spole\u010dnost\u00ed v\u00a0\u010cR a SR a odb\u011bratel\u00e9 by proto m\u011bli v\u011bnovat pozornost v\u00fdb\u011bru v\u00fdrobce p\u0159i n\u00e1kupu v\u00a0prodejn\u00edch m\u00edstech.<\/p>\n<h2><strong>Sonepar spol. s\u00a0r.o. a AVK spole\u010dn\u011b proti nekvalit\u011b<\/strong><\/h2>\n<p>Pro z\u00e1kazn\u00edky je pot\u011b\u0161iteln\u00e1 skute\u010dnost, \u017ee spole\u010dnost Sonepar spol. s\u00a0r.o. a AVK spole\u010dn\u011b deklarovaly sv\u016fj neochv\u011bjn\u00fd z\u00e1m\u011br aktivn\u011b a syst\u00e9mov\u011b p\u016fsobit na poli monitorov\u00e1n\u00ed nekvality kabel\u00e1\u0159sk\u00fdch v\u00fdrobk\u016f na trhu i v\u00a0distribu\u010dn\u00edm \u0159et\u011bzci tak, aby byl ochr\u00e1n\u011bn obchodn\u00ed partner i z\u00e1kazn\u00edk a nad\u00e1le platilo, \u017ee dobr\u00e9 a spolehliv\u00e9 jm\u00e9no Sonepar spol. s\u00a0r.o. a AVK je prvo\u0159ad\u00fdm z\u00e1jmem obou instituc\u00ed. O tom se budete moci pr\u016fb\u011b\u017en\u011b p\u0159esv\u011bd\u010dit na webov\u00fdch str\u00e1nk\u00e1ch n\u00e1s obou.<\/p>\n","protected":false},"excerpt":{"rendered":"<p>V\u00e1\u017een\u00ed \u010dten\u00e1\u0159i a z\u00e1kazn\u00edci, t\u00edmto \u010dl\u00e1nkem se vrac\u00edme k\u00a0tolik diskutovan\u00e9mu t\u00e9matu t\u00fdkaj\u00edc\u00edmu se nekvalitn\u00edch kabel\u016f na trhu v\u00a0\u010cR a SR. D\u00edky va\u0161\u00ed \u010detn\u00e9 reakci na rozeslan\u00fd Newsletter AVK a d\u00edky pozitivn\u00edm reakc\u00edm p\u0159\u00edmo k\u00a0\u010dl\u00e1nku na webu AVK ch\u00e1peme, \u017ee t\u00e9ma &hellip; <a href=\"https:\/\/www.vyrobcikabelu.cz\/sk\/sonepar-spol-s-r-o-a-avk-spolecne-proti-nekvalite\/\">Pokra\u010dova\u0165<\/a><\/p>\n","protected":false},"author":25,"featured_media":765,"comment_status":"closed","ping_status":"open","sticky":false,"template":"","format":"standard","meta":{"footnotes":""},"categories":[20],"tags":[],"acf":[],"yoast_head":"<!-- This site is optimized with the Yoast SEO plugin v21.8 - https:\/\/yoast.com\/wordpress\/plugins\/seo\/ -->\n<title>Sonepar spol. s\u00a0r.o. a AVK spole\u010dn\u011b proti nekvalit\u011b - AVK<\/title>\n<meta name=\"robots\" content=\"index, follow, max-snippet:-1, max-image-preview:large, max-video-preview:-1\" \/>\n<link rel=\"canonical\" href=\"https:\/\/www.vyrobcikabelu.cz\/sk\/sonepar-spol-s-r-o-a-avk-spolecne-proti-nekvalite\/\" \/>\n<meta property=\"og:locale\" content=\"sk_SK\" \/>\n<meta property=\"og:type\" content=\"article\" \/>\n<meta property=\"og:title\" content=\"Sonepar spol. s\u00a0r.o. a AVK spole\u010dn\u011b proti nekvalit\u011b - AVK\" \/>\n<meta property=\"og:description\" content=\"V\u00e1\u017een\u00ed \u010dten\u00e1\u0159i a z\u00e1kazn\u00edci, t\u00edmto \u010dl\u00e1nkem se vrac\u00edme k\u00a0tolik diskutovan\u00e9mu t\u00e9matu t\u00fdkaj\u00edc\u00edmu se nekvalitn\u00edch kabel\u016f na trhu v\u00a0\u010cR a SR. D\u00edky va\u0161\u00ed \u010detn\u00e9 reakci na rozeslan\u00fd Newsletter AVK a d\u00edky pozitivn\u00edm reakc\u00edm p\u0159\u00edmo k\u00a0\u010dl\u00e1nku na webu AVK ch\u00e1peme, \u017ee t\u00e9ma &hellip; Pokra\u010dova\u0165\" \/>\n<meta property=\"og:url\" content=\"https:\/\/www.vyrobcikabelu.cz\/sk\/sonepar-spol-s-r-o-a-avk-spolecne-proti-nekvalite\/\" \/>\n<meta property=\"og:site_name\" content=\"AVK\" \/>\n<meta property=\"article:published_time\" content=\"2023-08-18T07:54:28+00:00\" \/>\n<meta property=\"og:image\" content=\"https:\/\/www.vyrobcikabelu.cz\/wp-content\/uploads\/2017\/01\/DSCF0268-300x200.jpg\" \/>\n<meta name=\"author\" content=\"Miroslav Trojan\" \/>\n<meta name=\"twitter:card\" content=\"summary_large_image\" \/>\n<meta name=\"twitter:label1\" content=\"Autor\" \/>\n\t<meta name=\"twitter:data1\" content=\"Miroslav Trojan\" \/>\n\t<meta name=\"twitter:label2\" content=\"Predpokladan\u00fd \u010das \u010d\u00edtania\" \/>\n\t<meta name=\"twitter:data2\" content=\"2 min\u00faty\" \/>\n<script type=\"application\/ld+json\" class=\"yoast-schema-graph\">{\"@context\":\"https:\/\/schema.org\",\"@graph\":[{\"@type\":\"WebPage\",\"@id\":\"https:\/\/www.vyrobcikabelu.cz\/sk\/sonepar-spol-s-r-o-a-avk-spolecne-proti-nekvalite\/\",\"url\":\"https:\/\/www.vyrobcikabelu.cz\/sk\/sonepar-spol-s-r-o-a-avk-spolecne-proti-nekvalite\/\",\"name\":\"Sonepar spol. s\u00a0r.o. a AVK spole\u010dn\u011b proti nekvalit\u011b - AVK\",\"isPartOf\":{\"@id\":\"https:\/\/www.vyrobcikabelu.cz\/sk\/#website\"},\"datePublished\":\"2023-08-18T07:54:28+00:00\",\"dateModified\":\"2023-08-18T07:54:28+00:00\",\"author\":{\"@id\":\"https:\/\/www.vyrobcikabelu.cz\/sk\/#\/schema\/person\/1ff5b7b8c338eedc932753eb48c970a5\"},\"breadcrumb\":{\"@id\":\"https:\/\/www.vyrobcikabelu.cz\/sk\/sonepar-spol-s-r-o-a-avk-spolecne-proti-nekvalite\/#breadcrumb\"},\"inLanguage\":\"sk-SK\",\"potentialAction\":[{\"@type\":\"ReadAction\",\"target\":[\"https:\/\/www.vyrobcikabelu.cz\/sk\/sonepar-spol-s-r-o-a-avk-spolecne-proti-nekvalite\/\"]}]},{\"@type\":\"BreadcrumbList\",\"@id\":\"https:\/\/www.vyrobcikabelu.cz\/sk\/sonepar-spol-s-r-o-a-avk-spolecne-proti-nekvalite\/#breadcrumb\",\"itemListElement\":[{\"@type\":\"ListItem\",\"position\":1,\"name\":\"Dom\u016f\",\"item\":\"https:\/\/www.vyrobcikabelu.cz\/sk\/\"},{\"@type\":\"ListItem\",\"position\":2,\"name\":\"Sonepar spol. s\u00a0r.o. a AVK spole\u010dn\u011b proti nekvalit\u011b\"}]},{\"@type\":\"WebSite\",\"@id\":\"https:\/\/www.vyrobcikabelu.cz\/sk\/#website\",\"url\":\"https:\/\/www.vyrobcikabelu.cz\/sk\/\",\"name\":\"AVK\",\"description\":\"Dal\u0161\u00ed web pou\u017e\u00edvaj\u00edc\u00ed WordPress\",\"potentialAction\":[{\"@type\":\"SearchAction\",\"target\":{\"@type\":\"EntryPoint\",\"urlTemplate\":\"https:\/\/www.vyrobcikabelu.cz\/sk\/?s={search_term_string}\"},\"query-input\":\"required name=search_term_string\"}],\"inLanguage\":\"sk-SK\"},{\"@type\":\"Person\",\"@id\":\"https:\/\/www.vyrobcikabelu.cz\/sk\/#\/schema\/person\/1ff5b7b8c338eedc932753eb48c970a5\",\"name\":\"Miroslav Trojan\",\"image\":{\"@type\":\"ImageObject\",\"inLanguage\":\"sk-SK\",\"@id\":\"https:\/\/www.vyrobcikabelu.cz\/sk\/#\/schema\/person\/image\/\",\"url\":\"https:\/\/secure.gravatar.com\/avatar\/d302409979883615490a02b1662d7242?s=96&d=mm&r=g\",\"contentUrl\":\"https:\/\/secure.gravatar.com\/avatar\/d302409979883615490a02b1662d7242?s=96&d=mm&r=g\",\"caption\":\"Miroslav Trojan\"},\"url\":\"https:\/\/www.vyrobcikabelu.cz\/sk\/author\/trojan\/\"}]}<\/script>\n<!-- \/ Yoast SEO plugin. -->","yoast_head_json":{"title":"Sonepar spol. s\u00a0r.o. a AVK spole\u010dn\u011b proti nekvalit\u011b - AVK","robots":{"index":"index","follow":"follow","max-snippet":"max-snippet:-1","max-image-preview":"max-image-preview:large","max-video-preview":"max-video-preview:-1"},"canonical":"https:\/\/www.vyrobcikabelu.cz\/sk\/sonepar-spol-s-r-o-a-avk-spolecne-proti-nekvalite\/","og_locale":"sk_SK","og_type":"article","og_title":"Sonepar spol. s\u00a0r.o. a AVK spole\u010dn\u011b proti nekvalit\u011b - AVK","og_description":"V\u00e1\u017een\u00ed \u010dten\u00e1\u0159i a z\u00e1kazn\u00edci, t\u00edmto \u010dl\u00e1nkem se vrac\u00edme k\u00a0tolik diskutovan\u00e9mu t\u00e9matu t\u00fdkaj\u00edc\u00edmu se nekvalitn\u00edch kabel\u016f na trhu v\u00a0\u010cR a SR. D\u00edky va\u0161\u00ed \u010detn\u00e9 reakci na rozeslan\u00fd Newsletter AVK a d\u00edky pozitivn\u00edm reakc\u00edm p\u0159\u00edmo k\u00a0\u010dl\u00e1nku na webu AVK ch\u00e1peme, \u017ee t\u00e9ma &hellip; Pokra\u010dova\u0165","og_url":"https:\/\/www.vyrobcikabelu.cz\/sk\/sonepar-spol-s-r-o-a-avk-spolecne-proti-nekvalite\/","og_site_name":"AVK","article_published_time":"2023-08-18T07:54:28+00:00","og_image":[{"url":"https:\/\/www.vyrobcikabelu.cz\/wp-content\/uploads\/2017\/01\/DSCF0268-300x200.jpg"}],"author":"Miroslav Trojan","twitter_card":"summary_large_image","twitter_misc":{"Autor":"Miroslav Trojan","Predpokladan\u00fd \u010das \u010d\u00edtania":"2 min\u00faty"},"schema":{"@context":"https:\/\/schema.org","@graph":[{"@type":"WebPage","@id":"https:\/\/www.vyrobcikabelu.cz\/sk\/sonepar-spol-s-r-o-a-avk-spolecne-proti-nekvalite\/","url":"https:\/\/www.vyrobcikabelu.cz\/sk\/sonepar-spol-s-r-o-a-avk-spolecne-proti-nekvalite\/","name":"Sonepar spol. s\u00a0r.o. a AVK spole\u010dn\u011b proti nekvalit\u011b - AVK","isPartOf":{"@id":"https:\/\/www.vyrobcikabelu.cz\/sk\/#website"},"datePublished":"2023-08-18T07:54:28+00:00","dateModified":"2023-08-18T07:54:28+00:00","author":{"@id":"https:\/\/www.vyrobcikabelu.cz\/sk\/#\/schema\/person\/1ff5b7b8c338eedc932753eb48c970a5"},"breadcrumb":{"@id":"https:\/\/www.vyrobcikabelu.cz\/sk\/sonepar-spol-s-r-o-a-avk-spolecne-proti-nekvalite\/#breadcrumb"},"inLanguage":"sk-SK","potentialAction":[{"@type":"ReadAction","target":["https:\/\/www.vyrobcikabelu.cz\/sk\/sonepar-spol-s-r-o-a-avk-spolecne-proti-nekvalite\/"]}]},{"@type":"BreadcrumbList","@id":"https:\/\/www.vyrobcikabelu.cz\/sk\/sonepar-spol-s-r-o-a-avk-spolecne-proti-nekvalite\/#breadcrumb","itemListElement":[{"@type":"ListItem","position":1,"name":"Dom\u016f","item":"https:\/\/www.vyrobcikabelu.cz\/sk\/"},{"@type":"ListItem","position":2,"name":"Sonepar spol. s\u00a0r.o. a AVK spole\u010dn\u011b proti nekvalit\u011b"}]},{"@type":"WebSite","@id":"https:\/\/www.vyrobcikabelu.cz\/sk\/#website","url":"https:\/\/www.vyrobcikabelu.cz\/sk\/","name":"AVK","description":"Dal\u0161\u00ed web pou\u017e\u00edvaj\u00edc\u00ed WordPress","potentialAction":[{"@type":"SearchAction","target":{"@type":"EntryPoint","urlTemplate":"https:\/\/www.vyrobcikabelu.cz\/sk\/?s={search_term_string}"},"query-input":"required name=search_term_string"}],"inLanguage":"sk-SK"},{"@type":"Person","@id":"https:\/\/www.vyrobcikabelu.cz\/sk\/#\/schema\/person\/1ff5b7b8c338eedc932753eb48c970a5","name":"Miroslav Trojan","image":{"@type":"ImageObject","inLanguage":"sk-SK","@id":"https:\/\/www.vyrobcikabelu.cz\/sk\/#\/schema\/person\/image\/","url":"https:\/\/secure.gravatar.com\/avatar\/d302409979883615490a02b1662d7242?s=96&d=mm&r=g","contentUrl":"https:\/\/secure.gravatar.com\/avatar\/d302409979883615490a02b1662d7242?s=96&d=mm&r=g","caption":"Miroslav Trojan"},"url":"https:\/\/www.vyrobcikabelu.cz\/sk\/author\/trojan\/"}]}},"_links":{"self":[{"href":"https:\/\/www.vyrobcikabelu.cz\/sk\/wp-json\/wp\/v2\/posts\/6012"}],"collection":[{"href":"https:\/\/www.vyrobcikabelu.cz\/sk\/wp-json\/wp\/v2\/posts"}],"about":[{"href":"https:\/\/www.vyrobcikabelu.cz\/sk\/wp-json\/wp\/v2\/types\/post"}],"author":[{"embeddable":true,"href":"https:\/\/www.vyrobcikabelu.cz\/sk\/wp-json\/wp\/v2\/users\/25"}],"replies":[{"embeddable":true,"href":"https:\/\/www.vyrobcikabelu.cz\/sk\/wp-json\/wp\/v2\/comments?post=6012"}],"version-history":[{"count":0,"href":"https:\/\/www.vyrobcikabelu.cz\/sk\/wp-json\/wp\/v2\/posts\/6012\/revisions"}],"wp:featuredmedia":[{"embeddable":true,"href":"https:\/\/www.vyrobcikabelu.cz\/sk\/wp-json\/wp\/v2\/media\/765"}],"wp:attachment":[{"href":"https:\/\/www.vyrobcikabelu.cz\/sk\/wp-json\/wp\/v2\/media?parent=6012"}],"wp:term":[{"taxonomy":"category","embeddable":true,"href":"https:\/\/www.vyrobcikabelu.cz\/sk\/wp-json\/wp\/v2\/categories?post=6012"},{"taxonomy":"post_tag","embeddable":true,"href":"https:\/\/www.vyrobcikabelu.cz\/sk\/wp-json\/wp\/v2\/tags?post=6012"}],"curies":[{"name":"wp","href":"https:\/\/api.w.org\/{rel}","templated":true}]}}