{"id":6359,"date":"2024-06-17T12:08:57","date_gmt":"2024-06-17T12:08:57","guid":{"rendered":"https:\/\/www.vyrobcikabelu.cz\/prysmian-30-let-vyroby-kabelu-a-kabelovych-svazku-v-ceske-republice\/"},"modified":"2024-06-18T09:59:44","modified_gmt":"2024-06-18T09:59:44","slug":"prysmian-30-let-vyroby-kabelu-a-kabelovych-svazku-v-ceske-republice","status":"publish","type":"post","link":"https:\/\/www.vyrobcikabelu.cz\/sk\/prysmian-30-let-vyroby-kabelu-a-kabelovych-svazku-v-ceske-republice\/","title":{"rendered":"Prysmian, 30 let v\u00fdroby kabel\u016f a kabelov\u00fdch svazk\u016f v \u010cesk\u00e9 republice"},"content":{"rendered":"<p><span style=\"font-weight: 400;\"><img loading=\"lazy\" decoding=\"async\" class=\"size-medium wp-image-6352 alignright\" src=\"https:\/\/www.vyrobcikabelu.cz\/wp-content\/uploads\/2024\/06\/Prysmian_1-300x225.jpg\" alt=\"\" width=\"300\" height=\"225\" srcset=\"https:\/\/www.vyrobcikabelu.cz\/wp-content\/uploads\/2024\/06\/Prysmian_1-300x225.jpg 300w, https:\/\/www.vyrobcikabelu.cz\/wp-content\/uploads\/2024\/06\/Prysmian_1-1024x768.jpg 1024w, https:\/\/www.vyrobcikabelu.cz\/wp-content\/uploads\/2024\/06\/Prysmian_1-768x576.jpg 768w, https:\/\/www.vyrobcikabelu.cz\/wp-content\/uploads\/2024\/06\/Prysmian_1-1536x1152.jpg 1536w, https:\/\/www.vyrobcikabelu.cz\/wp-content\/uploads\/2024\/06\/Prysmian_1-2048x1536.jpg 2048w, https:\/\/www.vyrobcikabelu.cz\/wp-content\/uploads\/2024\/06\/Prysmian_1-1320x990.jpg 1320w\" sizes=\"(max-width: 300px) 100vw, 300px\" \/><a href=\"https:\/\/cz.prysmian.com\/\">Spole\u010dnost Prysmian<\/a> Kabely, s.r.o. se zab\u00fdv\u00e1 v\u00fdvojem a v\u00fdrobou vodi\u010d\u016f, instala\u010dn\u00edch kabel\u016f pro pevn\u00e9 i flexibiln\u00ed ulo\u017een\u00ed, automotivn\u00edch kabel\u016f, ploch\u00fdch kabel\u016f a kabelov\u00fdch svazk\u016f pro v\u00fdtahy a eskal\u00e1tory. <\/span><b>Dne 17. kv\u011btna 2024 oslavila v\u00fdznamn\u00e9 v\u00fdro\u010d\u00ed &#8211; 30 let<\/b><span style=\"font-weight: 400;\"> od zalo\u017een\u00ed v\u00fdrobn\u00edho z\u00e1vodu v \u010cesk\u00e9 republice, a jak se do\u010dtete d\u00e1le, bylo to 30 let pln\u00fdch r\u016fstu, prosperity a zm\u011bn.<\/span><\/p>\n<h2><b>Historie<\/b><\/h2>\n<p><span style=\"font-weight: 400;\">Historie tehdej\u0161\u00edch Draka Kabel\u016f, s.r.o. se za\u010dala ps\u00e1t <\/span><b>v\u00a0roce 1994<\/b><span style=\"font-weight: 400;\">, kdy do\u0161lo k zalo\u017een\u00ed spole\u010dnosti holandskou firmou Draka Holding N. V., jej\u00ed\u017e po\u010d\u00e1tek se datuje od roku 1910. B\u011bhem n\u00e1sleduj\u00edc\u00edch dvou let vyrostl na zelen\u00e9 louce ve Velk\u00e9m Mezi\u0159\u00ed\u010d\u00ed v\u00fdrobn\u00ed z\u00e1vod, kter\u00fd se ve sv\u00fdch po\u010d\u00e1tc\u00edch, konkr\u00e9tn\u011b v roce 1996, v\u011bnoval kompletaci kabelov\u00fdch svazk\u016f. Ji\u017e o rok pozd\u011bji byla zah\u00e1jena v\u00fdroba dnes jednoho ze st\u011b\u017eejn\u00edch produkt\u016f \u2013 instala\u010dn\u00edch kabel\u016f pro pevn\u00e9 ulo\u017een\u00ed. Proto\u017ee podnik vykazoval zna\u010dn\u00fd potenci\u00e1l r\u016fstu, veden\u00ed spole\u010dnosti se v roce 1998 rozhodlo pro p\u0159esun <\/span><b>v\u00fdroby automotivn\u00edch vodi\u010d\u016f<\/b><span style=\"font-weight: 400;\"> z\u00a0N\u011bmecka pr\u00e1v\u011b sem. Nov\u011b instalovan\u00e9 linky umo\u017enily dal\u0161\u00ed roz\u0161\u00ed\u0159en\u00ed v\u00fdrobn\u00edch kapacit, a t\u00edm i portfolia kabel\u016f, do kter\u00e9ho v\u00a0roce 2001 p\u0159ibyly instala\u010dn\u00ed kabely pro flexibiln\u00ed ulo\u017een\u00ed. Dal\u0161\u00ed investice na sebe nenechaly dlouho \u010dekat a u\u017e v\u00a0n\u00e1sleduj\u00edc\u00edm roce firma otev\u0159ela novou halu ur\u010denou pro v\u00fdrobu kabelov\u00fdch svazk\u016f.<\/span><\/p>\n<h2><b>Spojen\u00ed zna\u010dek Draka a Prysmian vznik\u00e1 Prysmian Group\u00a0<\/b><\/h2>\n<p><span style=\"font-weight: 400;\">V\u00a0n\u00e1sleduj\u00edc\u00edch letech doch\u00e1zelo ve v\u00fdrobn\u00edm z\u00e1vodu k navy\u0161ov\u00e1n\u00ed kapacit, zdokonalov\u00e1n\u00ed proces\u016f, ale t\u0159eba i <\/span><b>v\u00fdstavb\u011b logistick\u00e9ho centra a automatizovan\u00e9ho skladu<\/b><span style=\"font-weight: 400;\">, kter\u00e1 prob\u011bhla v\u00a0roce 2008. Rok 2011 p\u0159edstavoval v\u00a0novodob\u00e9 historii firmy nejv\u00fdznamn\u011bj\u0161\u00ed miln\u00edk. Italsk\u00e1 spole\u010dnost Prysmian provedla akvizici Draka Holding N. V. Spojen\u00edm zna\u010dek Prysmian a Draka vznikla skupina Prysmian Group, <\/span><b>nejv\u011bt\u0161\u00ed v\u00fdrobce kabel\u016f a kabelov\u00fdch syst\u00e9m\u016f na sv\u011bt\u011b<\/b><span style=\"font-weight: 400;\">. Pro (na \u010desk\u00e9m trhu ji\u017e tradi\u010dn\u00ed) zna\u010dku Draka toto p\u0159evzet\u00ed p\u0159edstavovalo nejen kompletn\u00ed restrukturalizaci organizace, ale zna\u010dnou optimalizaci v\u00fdrobn\u00edch i provozn\u00edch proces\u016f. Tato ud\u00e1lost s sebou, krom\u011b nevyhnuteln\u00fdch zm\u011bn, nesla i celou \u0159adu p\u0159\u00edle\u017eitost\u00ed. V\u00fdrobn\u00ed z\u00e1vod ve Velk\u00e9m Mezi\u0159\u00ed\u010d\u00ed hned v dal\u0161\u00edm roce za\u010dal s v\u00fdrobou <\/span><b>ploch\u00fdch kabel\u016f pro v\u00fdtahy a eskal\u00e1tory<\/b><span style=\"font-weight: 400;\"> a v\u00a0roce 2015 op\u011btovn\u011b nav\u00fd\u0161il svoje, ji\u017e tak rozs\u00e1hl\u00e9, kapacity p\u0159evzet\u00edm v\u00fdrobn\u00edch technologi\u00ed a sortimentu automotivn\u00edch vodi\u010d\u016f ze z\u00e1vodu Angy ve Francii.<\/span><\/p>\n<h2><b>Dal\u0161\u00ed roz\u0161\u00ed\u0159en\u00ed a nov\u00e9 projekty<\/b><\/h2>\n<p><span style=\"font-weight: 400;\">Psal se rok 2018, kter\u00fd je pro Prysmian Group z\u00a0hlediska celkov\u00e9ho pod\u00edlu na sv\u011btov\u00e9m trhu dal\u0161\u00edm d\u016fle\u017eit\u00fdm miln\u00edkem. V\u00a0tomto roce do\u0161lo k\u00a0p\u0159evzet\u00ed americk\u00e9ho v\u00fdrobce kabel\u016f, spole\u010dnosti <\/span><b>General Cable<\/b><span style=\"font-weight: 400;\">, d\u00edky kter\u00e9 spole\u010dnost upevnila svoji pozici na\u00a0trz\u00edch Severn\u00ed a Ji\u017en\u00ed Ameriky, z\u00edskala neb\u00fdvalou stabilitu a bezkonkuren\u010dn\u011b rozmanitou \u0161k\u00e1lu produkt\u016f. Do nov\u00e9ho desetilet\u00ed pak \u010desk\u00fd v\u00fdrobn\u00ed z\u00e1vod \u00fasp\u011b\u0161n\u011b vstoupil s\u00a0projektem JUMP, jeho\u017e c\u00edlem byl v\u00fdvoj vysokoteplotn\u00edch automotivn\u00edch vodi\u010d\u016f a se z\u00e1m\u011brem akreditace <\/span><b>vlastn\u00ed zku\u0161ebn\u00ed laborato\u0159e<\/b><span style=\"font-weight: 400;\"> dle normy ISO 17025 k\u00a0prov\u00e1d\u011bn\u00ed specializovan\u00fdch test\u016f, kter\u00e1 prob\u011bhla na konci roku 2022.<\/span><\/p>\n<p><img loading=\"lazy\" decoding=\"async\" class=\"wp-image-6354 size-medium alignright\" src=\"https:\/\/www.vyrobcikabelu.cz\/wp-content\/uploads\/2024\/06\/Prysmian_2-300x225.jpg\" alt=\"\" width=\"300\" height=\"225\" srcset=\"https:\/\/www.vyrobcikabelu.cz\/wp-content\/uploads\/2024\/06\/Prysmian_2-300x225.jpg 300w, https:\/\/www.vyrobcikabelu.cz\/wp-content\/uploads\/2024\/06\/Prysmian_2-1024x768.jpg 1024w, https:\/\/www.vyrobcikabelu.cz\/wp-content\/uploads\/2024\/06\/Prysmian_2-768x576.jpg 768w, https:\/\/www.vyrobcikabelu.cz\/wp-content\/uploads\/2024\/06\/Prysmian_2-1536x1152.jpg 1536w, https:\/\/www.vyrobcikabelu.cz\/wp-content\/uploads\/2024\/06\/Prysmian_2-2048x1536.jpg 2048w, https:\/\/www.vyrobcikabelu.cz\/wp-content\/uploads\/2024\/06\/Prysmian_2-1320x990.jpg 1320w\" sizes=\"(max-width: 300px) 100vw, 300px\" \/><\/p>\n<h2><b>Nov\u00e1 identita Prysmian Group<\/b><\/h2>\n<p><span style=\"font-weight: 400;\">Posledn\u00ed dv\u011b v\u00fdznamn\u00e9 ud\u00e1losti, kter\u00e9 se nesmazateln\u011b zapsaly na \u010dasovou osu v\u00fdvoje \u010desk\u00e9 pobo\u010dky nejv\u011bt\u0161\u00edho v\u00fdrobce kabel\u016f na sv\u011bt\u011b, byly zm\u011bna obchodn\u00edho n\u00e1zvu firmy z Velk\u00e9ho Mezi\u0159\u00ed\u010d\u00ed a zbrusu nov\u00e1 korpor\u00e1tn\u00ed identita skupiny Prysmian Group, kter\u00e1 l\u00e9pe odr\u00e1\u017e\u00ed jej\u00ed sou\u010dasnou strategii a c\u00edle. Ke zm\u00edn\u011bn\u00e9 zm\u011bn\u011b za\u017eit\u00e9ho obchodn\u00edho n\u00e1zvu \u010desk\u00e9ho v\u00fdrobn\u00edho z\u00e1vodu\u00a0<\/span><b>z\u00a0Draka Kabely, s.r.o. na<\/b> <b>Prysmian Kabely, s.r.o.<\/b><span style=\"font-weight: 400;\">, do\u0161lo z\u00e1pisem do obchodn\u00edho rejst\u0159\u00edku v\u00a0kv\u011btnu 2023 a byla s\u00a0n\u00ed spojena \u0159ada administrativn\u00edch zm\u011bn. Dlouho o\u010dek\u00e1van\u00e9 omlazen\u00ed korpor\u00e1tn\u00ed identity, kter\u00e9 bylo po zevrubn\u00e9 p\u0159\u00edprav\u011b p\u0159edstaveno \u0161irok\u00e9 ve\u0159ejnosti v\u00a0\u00fanoru 2024, p\u0159ineslo krom\u011b nov\u00e9ho loga a sv\u011b\u017e\u00edho vizu\u00e1lu z\u00e1rove\u0148 sjednocen\u00ed komunikace zna\u010dek <\/span><b>Prysmian, Draka a General Cable<\/b><span style=\"font-weight: 400;\"> pod zkr\u00e1cen\u00fdm n\u00e1zvem <\/span><b>Prysmian<\/b><span style=\"font-weight: 400;\"> a ofici\u00e1ln\u00ed z\u00e1vazek spole\u010dnosti k\u00a0dosa\u017een\u00ed uhl\u00edkov\u00e9 neutrality a k\u00a0transformaci sm\u011brem k\u00a0trval\u00e9 udr\u017eitelnosti.<\/span><\/p>\n","protected":false},"excerpt":{"rendered":"<p>Spole\u010dnost Prysmian Kabely, s.r.o. se zab\u00fdv\u00e1 v\u00fdvojem a v\u00fdrobou vodi\u010d\u016f, instala\u010dn\u00edch kabel\u016f pro pevn\u00e9 i flexibiln\u00ed ulo\u017een\u00ed, automotivn\u00edch kabel\u016f, ploch\u00fdch kabel\u016f a kabelov\u00fdch svazk\u016f pro v\u00fdtahy a eskal\u00e1tory. Dne 17. kv\u011btna 2024 oslavila v\u00fdznamn\u00e9 v\u00fdro\u010d\u00ed &#8211; 30 let od zalo\u017een\u00ed &hellip; <a href=\"https:\/\/www.vyrobcikabelu.cz\/sk\/prysmian-30-let-vyroby-kabelu-a-kabelovych-svazku-v-ceske-republice\/\">Pokra\u010dova\u0165<\/a><\/p>\n","protected":false},"author":975937,"featured_media":6353,"comment_status":"closed","ping_status":"open","sticky":false,"template":"","format":"standard","meta":{"footnotes":""},"categories":[57,22,23],"tags":[],"acf":[],"yoast_head":"<!-- This site is optimized with the Yoast SEO plugin v21.8 - https:\/\/yoast.com\/wordpress\/plugins\/seo\/ -->\n<title>Prysmian, 30 let v\u00fdroby kabel\u016f a kabelov\u00fdch svazk\u016f v \u010cesk\u00e9 republice - AVK<\/title>\n<meta name=\"robots\" content=\"index, follow, max-snippet:-1, max-image-preview:large, max-video-preview:-1\" \/>\n<link rel=\"canonical\" href=\"https:\/\/www.vyrobcikabelu.cz\/sk\/prysmian-30-let-vyroby-kabelu-a-kabelovych-svazku-v-ceske-republice\/\" \/>\n<meta property=\"og:locale\" content=\"sk_SK\" \/>\n<meta property=\"og:type\" content=\"article\" \/>\n<meta property=\"og:title\" content=\"Prysmian, 30 let v\u00fdroby kabel\u016f a kabelov\u00fdch svazk\u016f v \u010cesk\u00e9 republice - AVK\" \/>\n<meta property=\"og:description\" content=\"Spole\u010dnost Prysmian Kabely, s.r.o. se zab\u00fdv\u00e1 v\u00fdvojem a v\u00fdrobou vodi\u010d\u016f, instala\u010dn\u00edch kabel\u016f pro pevn\u00e9 i flexibiln\u00ed ulo\u017een\u00ed, automotivn\u00edch kabel\u016f, ploch\u00fdch kabel\u016f a kabelov\u00fdch svazk\u016f pro v\u00fdtahy a eskal\u00e1tory. Dne 17. kv\u011btna 2024 oslavila v\u00fdznamn\u00e9 v\u00fdro\u010d\u00ed &#8211; 30 let od zalo\u017een\u00ed &hellip; Pokra\u010dova\u0165\" \/>\n<meta property=\"og:url\" content=\"https:\/\/www.vyrobcikabelu.cz\/sk\/prysmian-30-let-vyroby-kabelu-a-kabelovych-svazku-v-ceske-republice\/\" \/>\n<meta property=\"og:site_name\" content=\"AVK\" \/>\n<meta property=\"article:published_time\" content=\"2024-06-17T12:08:57+00:00\" \/>\n<meta property=\"article:modified_time\" content=\"2024-06-18T09:59:44+00:00\" \/>\n<meta property=\"og:image\" content=\"https:\/\/www.vyrobcikabelu.cz\/wp-content\/uploads\/2024\/06\/Prysmian_1-scaled.jpg\" \/>\n\t<meta property=\"og:image:width\" content=\"2560\" \/>\n\t<meta property=\"og:image:height\" content=\"1920\" \/>\n\t<meta property=\"og:image:type\" content=\"image\/jpeg\" \/>\n<meta name=\"author\" content=\"Petr Nagy\" \/>\n<meta name=\"twitter:card\" content=\"summary_large_image\" \/>\n<meta name=\"twitter:label1\" content=\"Autor\" \/>\n\t<meta name=\"twitter:data1\" content=\"Petr Nagy\" \/>\n\t<meta name=\"twitter:label2\" content=\"Predpokladan\u00fd \u010das \u010d\u00edtania\" \/>\n\t<meta name=\"twitter:data2\" content=\"4 min\u00faty\" \/>\n<script type=\"application\/ld+json\" class=\"yoast-schema-graph\">{\"@context\":\"https:\/\/schema.org\",\"@graph\":[{\"@type\":\"WebPage\",\"@id\":\"https:\/\/www.vyrobcikabelu.cz\/sk\/prysmian-30-let-vyroby-kabelu-a-kabelovych-svazku-v-ceske-republice\/\",\"url\":\"https:\/\/www.vyrobcikabelu.cz\/sk\/prysmian-30-let-vyroby-kabelu-a-kabelovych-svazku-v-ceske-republice\/\",\"name\":\"Prysmian, 30 let v\u00fdroby kabel\u016f a kabelov\u00fdch svazk\u016f v \u010cesk\u00e9 republice - AVK\",\"isPartOf\":{\"@id\":\"https:\/\/www.vyrobcikabelu.cz\/sk\/#website\"},\"datePublished\":\"2024-06-17T12:08:57+00:00\",\"dateModified\":\"2024-06-18T09:59:44+00:00\",\"author\":{\"@id\":\"https:\/\/www.vyrobcikabelu.cz\/sk\/#\/schema\/person\/679c8eca1dfeb8fbfa2600ebac04bb5a\"},\"breadcrumb\":{\"@id\":\"https:\/\/www.vyrobcikabelu.cz\/sk\/prysmian-30-let-vyroby-kabelu-a-kabelovych-svazku-v-ceske-republice\/#breadcrumb\"},\"inLanguage\":\"sk-SK\",\"potentialAction\":[{\"@type\":\"ReadAction\",\"target\":[\"https:\/\/www.vyrobcikabelu.cz\/sk\/prysmian-30-let-vyroby-kabelu-a-kabelovych-svazku-v-ceske-republice\/\"]}]},{\"@type\":\"BreadcrumbList\",\"@id\":\"https:\/\/www.vyrobcikabelu.cz\/sk\/prysmian-30-let-vyroby-kabelu-a-kabelovych-svazku-v-ceske-republice\/#breadcrumb\",\"itemListElement\":[{\"@type\":\"ListItem\",\"position\":1,\"name\":\"Dom\u016f\",\"item\":\"https:\/\/www.vyrobcikabelu.cz\/sk\/\"},{\"@type\":\"ListItem\",\"position\":2,\"name\":\"Prysmian, 30 let v\u00fdroby kabel\u016f a kabelov\u00fdch svazk\u016f v \u010cesk\u00e9 republice\"}]},{\"@type\":\"WebSite\",\"@id\":\"https:\/\/www.vyrobcikabelu.cz\/sk\/#website\",\"url\":\"https:\/\/www.vyrobcikabelu.cz\/sk\/\",\"name\":\"AVK\",\"description\":\"Dal\u0161\u00ed web pou\u017e\u00edvaj\u00edc\u00ed WordPress\",\"potentialAction\":[{\"@type\":\"SearchAction\",\"target\":{\"@type\":\"EntryPoint\",\"urlTemplate\":\"https:\/\/www.vyrobcikabelu.cz\/sk\/?s={search_term_string}\"},\"query-input\":\"required name=search_term_string\"}],\"inLanguage\":\"sk-SK\"},{\"@type\":\"Person\",\"@id\":\"https:\/\/www.vyrobcikabelu.cz\/sk\/#\/schema\/person\/679c8eca1dfeb8fbfa2600ebac04bb5a\",\"name\":\"Petr Nagy\",\"image\":{\"@type\":\"ImageObject\",\"inLanguage\":\"sk-SK\",\"@id\":\"https:\/\/www.vyrobcikabelu.cz\/sk\/#\/schema\/person\/image\/\",\"url\":\"https:\/\/secure.gravatar.com\/avatar\/9d8a2db1fc75bfdbd30c76e7a79f381e?s=96&d=mm&r=g\",\"contentUrl\":\"https:\/\/secure.gravatar.com\/avatar\/9d8a2db1fc75bfdbd30c76e7a79f381e?s=96&d=mm&r=g\",\"caption\":\"Petr Nagy\"},\"url\":\"https:\/\/www.vyrobcikabelu.cz\/sk\/author\/nagy\/\"}]}<\/script>\n<!-- \/ Yoast SEO plugin. -->","yoast_head_json":{"title":"Prysmian, 30 let v\u00fdroby kabel\u016f a kabelov\u00fdch svazk\u016f v \u010cesk\u00e9 republice - AVK","robots":{"index":"index","follow":"follow","max-snippet":"max-snippet:-1","max-image-preview":"max-image-preview:large","max-video-preview":"max-video-preview:-1"},"canonical":"https:\/\/www.vyrobcikabelu.cz\/sk\/prysmian-30-let-vyroby-kabelu-a-kabelovych-svazku-v-ceske-republice\/","og_locale":"sk_SK","og_type":"article","og_title":"Prysmian, 30 let v\u00fdroby kabel\u016f a kabelov\u00fdch svazk\u016f v \u010cesk\u00e9 republice - AVK","og_description":"Spole\u010dnost Prysmian Kabely, s.r.o. se zab\u00fdv\u00e1 v\u00fdvojem a v\u00fdrobou vodi\u010d\u016f, instala\u010dn\u00edch kabel\u016f pro pevn\u00e9 i flexibiln\u00ed ulo\u017een\u00ed, automotivn\u00edch kabel\u016f, ploch\u00fdch kabel\u016f a kabelov\u00fdch svazk\u016f pro v\u00fdtahy a eskal\u00e1tory. Dne 17. kv\u011btna 2024 oslavila v\u00fdznamn\u00e9 v\u00fdro\u010d\u00ed &#8211; 30 let od zalo\u017een\u00ed &hellip; Pokra\u010dova\u0165","og_url":"https:\/\/www.vyrobcikabelu.cz\/sk\/prysmian-30-let-vyroby-kabelu-a-kabelovych-svazku-v-ceske-republice\/","og_site_name":"AVK","article_published_time":"2024-06-17T12:08:57+00:00","article_modified_time":"2024-06-18T09:59:44+00:00","og_image":[{"width":2560,"height":1920,"url":"https:\/\/www.vyrobcikabelu.cz\/wp-content\/uploads\/2024\/06\/Prysmian_1-scaled.jpg","type":"image\/jpeg"}],"author":"Petr Nagy","twitter_card":"summary_large_image","twitter_misc":{"Autor":"Petr Nagy","Predpokladan\u00fd \u010das \u010d\u00edtania":"4 min\u00faty"},"schema":{"@context":"https:\/\/schema.org","@graph":[{"@type":"WebPage","@id":"https:\/\/www.vyrobcikabelu.cz\/sk\/prysmian-30-let-vyroby-kabelu-a-kabelovych-svazku-v-ceske-republice\/","url":"https:\/\/www.vyrobcikabelu.cz\/sk\/prysmian-30-let-vyroby-kabelu-a-kabelovych-svazku-v-ceske-republice\/","name":"Prysmian, 30 let v\u00fdroby kabel\u016f a kabelov\u00fdch svazk\u016f v \u010cesk\u00e9 republice - AVK","isPartOf":{"@id":"https:\/\/www.vyrobcikabelu.cz\/sk\/#website"},"datePublished":"2024-06-17T12:08:57+00:00","dateModified":"2024-06-18T09:59:44+00:00","author":{"@id":"https:\/\/www.vyrobcikabelu.cz\/sk\/#\/schema\/person\/679c8eca1dfeb8fbfa2600ebac04bb5a"},"breadcrumb":{"@id":"https:\/\/www.vyrobcikabelu.cz\/sk\/prysmian-30-let-vyroby-kabelu-a-kabelovych-svazku-v-ceske-republice\/#breadcrumb"},"inLanguage":"sk-SK","potentialAction":[{"@type":"ReadAction","target":["https:\/\/www.vyrobcikabelu.cz\/sk\/prysmian-30-let-vyroby-kabelu-a-kabelovych-svazku-v-ceske-republice\/"]}]},{"@type":"BreadcrumbList","@id":"https:\/\/www.vyrobcikabelu.cz\/sk\/prysmian-30-let-vyroby-kabelu-a-kabelovych-svazku-v-ceske-republice\/#breadcrumb","itemListElement":[{"@type":"ListItem","position":1,"name":"Dom\u016f","item":"https:\/\/www.vyrobcikabelu.cz\/sk\/"},{"@type":"ListItem","position":2,"name":"Prysmian, 30 let v\u00fdroby kabel\u016f a kabelov\u00fdch svazk\u016f v \u010cesk\u00e9 republice"}]},{"@type":"WebSite","@id":"https:\/\/www.vyrobcikabelu.cz\/sk\/#website","url":"https:\/\/www.vyrobcikabelu.cz\/sk\/","name":"AVK","description":"Dal\u0161\u00ed web pou\u017e\u00edvaj\u00edc\u00ed WordPress","potentialAction":[{"@type":"SearchAction","target":{"@type":"EntryPoint","urlTemplate":"https:\/\/www.vyrobcikabelu.cz\/sk\/?s={search_term_string}"},"query-input":"required name=search_term_string"}],"inLanguage":"sk-SK"},{"@type":"Person","@id":"https:\/\/www.vyrobcikabelu.cz\/sk\/#\/schema\/person\/679c8eca1dfeb8fbfa2600ebac04bb5a","name":"Petr Nagy","image":{"@type":"ImageObject","inLanguage":"sk-SK","@id":"https:\/\/www.vyrobcikabelu.cz\/sk\/#\/schema\/person\/image\/","url":"https:\/\/secure.gravatar.com\/avatar\/9d8a2db1fc75bfdbd30c76e7a79f381e?s=96&d=mm&r=g","contentUrl":"https:\/\/secure.gravatar.com\/avatar\/9d8a2db1fc75bfdbd30c76e7a79f381e?s=96&d=mm&r=g","caption":"Petr Nagy"},"url":"https:\/\/www.vyrobcikabelu.cz\/sk\/author\/nagy\/"}]}},"_links":{"self":[{"href":"https:\/\/www.vyrobcikabelu.cz\/sk\/wp-json\/wp\/v2\/posts\/6359"}],"collection":[{"href":"https:\/\/www.vyrobcikabelu.cz\/sk\/wp-json\/wp\/v2\/posts"}],"about":[{"href":"https:\/\/www.vyrobcikabelu.cz\/sk\/wp-json\/wp\/v2\/types\/post"}],"author":[{"embeddable":true,"href":"https:\/\/www.vyrobcikabelu.cz\/sk\/wp-json\/wp\/v2\/users\/975937"}],"replies":[{"embeddable":true,"href":"https:\/\/www.vyrobcikabelu.cz\/sk\/wp-json\/wp\/v2\/comments?post=6359"}],"version-history":[{"count":1,"href":"https:\/\/www.vyrobcikabelu.cz\/sk\/wp-json\/wp\/v2\/posts\/6359\/revisions"}],"predecessor-version":[{"id":6361,"href":"https:\/\/www.vyrobcikabelu.cz\/sk\/wp-json\/wp\/v2\/posts\/6359\/revisions\/6361"}],"wp:featuredmedia":[{"embeddable":true,"href":"https:\/\/www.vyrobcikabelu.cz\/sk\/wp-json\/wp\/v2\/media\/6353"}],"wp:attachment":[{"href":"https:\/\/www.vyrobcikabelu.cz\/sk\/wp-json\/wp\/v2\/media?parent=6359"}],"wp:term":[{"taxonomy":"category","embeddable":true,"href":"https:\/\/www.vyrobcikabelu.cz\/sk\/wp-json\/wp\/v2\/categories?post=6359"},{"taxonomy":"post_tag","embeddable":true,"href":"https:\/\/www.vyrobcikabelu.cz\/sk\/wp-json\/wp\/v2\/tags?post=6359"}],"curies":[{"name":"wp","href":"https:\/\/api.w.org\/{rel}","templated":true}]}}