{"id":6393,"date":"2024-07-26T12:32:52","date_gmt":"2024-07-26T12:32:52","guid":{"rendered":"https:\/\/www.vyrobcikabelu.cz\/kabely-jyty-v-csn-norme\/"},"modified":"2024-07-26T12:36:13","modified_gmt":"2024-07-26T12:36:13","slug":"kabely-jyty-v-csn-norme","status":"publish","type":"post","link":"https:\/\/www.vyrobcikabelu.cz\/sk\/kabely-jyty-v-csn-norme\/","title":{"rendered":"Kabely JYTY v \u010cSN norm\u011b"},"content":{"rendered":"<p><span style=\"font-weight: 400;\"><img loading=\"lazy\" decoding=\"async\" class=\"size-medium wp-image-2430 alignright\" src=\"https:\/\/www.vyrobcikabelu.cz\/wp-content\/uploads\/2018\/04\/MS16179_1A-300x200.jpg\" alt=\"\" width=\"300\" height=\"200\" srcset=\"https:\/\/www.vyrobcikabelu.cz\/wp-content\/uploads\/2018\/04\/MS16179_1A-300x200.jpg 300w, https:\/\/www.vyrobcikabelu.cz\/wp-content\/uploads\/2018\/04\/MS16179_1A-768x511.jpg 768w, https:\/\/www.vyrobcikabelu.cz\/wp-content\/uploads\/2018\/04\/MS16179_1A.jpg 1000w\" sizes=\"(max-width: 300px) 100vw, 300px\" \/>Jedn\u00edm z\u00a0\u00fakol\u016f Technick\u00e9ho t\u00fdmu Asociace v\u00fdrobc\u016f kabel\u016f (TT AVK) je standardizovat jednotliv\u00e9 v\u00fdrobky a p\u0159isp\u011bt k\u00a0sjednocen\u00ed parametr\u016f v\u00fdrobku uv\u00e1d\u011bn\u00fdch na trh \u010cesk\u00e9 a Slovensk\u00e9 republice.\u00a0\u00a0<\/span><\/p>\n<p><span style=\"font-weight: 400;\">T\u00edmto dal\u0161\u00edm v\u00fdrobkem se stal kabel JYTY, kter\u00fd je ur\u010den pro spojen\u00ed sign\u00e1ln\u00edch a ovl\u00e1dac\u00edch p\u0159\u00edstroj\u016f a za\u0159\u00edzen\u00ed a byl vyd\u00e1n \u010ceskou agenturou pro standardizaci (\u010cAS) pod \u010d\u00edslem <\/span><b>\u010cSN 34 7413<\/b><span style=\"font-weight: 400;\">.\u00a0<\/span><\/p>\n<p><span style=\"font-weight: 400;\">P\u0159ed vlastn\u00edm zpracov\u00e1n\u00edm normy musel n\u00e1\u0161 z\u00e1m\u011br proj\u00edt tzv. Vilamoura notifikac\u00ed v\u00a0organizaci CENELEC (Evropsk\u00fd v\u00fdbor pro normalizaci v\u00a0Elektrotechnice), kdy n\u00e1rodn\u00ed akredita\u010dn\u00ed org\u00e1n rozeslal n\u00e1rodn\u00edm komit\u00e9t\u016fm a sekret\u00e1\u0159i odpov\u00eddaj\u00edc\u00ed technick\u00e9 komise ozn\u00e1men\u00ed o z\u00e1m\u011bru vypracovat tuto normu a n\u00e1sledn\u011b se \u010dekalo na vyj\u00e1d\u0159en\u00ed. Po akceptaci na\u0161eho z\u00e1m\u011bru jsme se pustili do pr\u00e1ce.\u00a0<\/span><\/p>\n<p><span style=\"font-weight: 400;\">Na p\u0159\u00edprav\u011b t\u00e9to normy spolupracovali techni\u010dt\u00ed odborn\u00edci z\u00a0Draka Kabely, s.r.o (nyn\u011bj\u0161\u00edho Prysmian Kabely, s.r.o.), Prakab s.r.o. a Elkondu HHK a.s. Prvotn\u00ed n\u00e1vrh pro\u0161el n\u011bkolika koly p\u0159ipom\u00ednek, a\u017e se dostal do fin\u00e1ln\u00ed podoby. N\u00e1sledn\u011b byl prost\u0159ednictv\u00edm Kabla Vrchlab\u00ed s.r.o. upraven do form\u00e1tu po\u017eadovan\u00e9m \u010cASem. Po \u0161esti letech od na\u0161eho prvotn\u00edho z\u00e1m\u011bru do\u0161lo k\u00a0vyd\u00e1n\u00ed nov\u00e9 normy. <\/span><span style=\"font-weight: 400;\"><br \/>\n<\/span><span style=\"font-weight: 400;\">Dal\u0161\u00edm c\u00edlem t\u00fdmu expert\u016f je vydat tuto normu ve Slovensk\u00e9 republice.\u00a0<\/span><\/p>\n<p><span style=\"font-weight: 400;\">Pevn\u011b v\u011b\u0159\u00edme, \u017ee vyd\u00e1n\u00ed t\u00e9to normy je jedn\u00edm z\u00a0dal\u0161\u00edch systematick\u00fdch drobn\u00fdch kr\u016f\u010dk\u016f k\u00a0trval\u00e9mu zlep\u0161en\u00ed kvality v\u00fdrobk\u016f na trhu v\u00a0\u010cR a SR.<\/span><\/p>\n","protected":false},"excerpt":{"rendered":"<p>Jedn\u00edm z\u00a0\u00fakol\u016f Technick\u00e9ho t\u00fdmu Asociace v\u00fdrobc\u016f kabel\u016f (TT AVK) je standardizovat jednotliv\u00e9 v\u00fdrobky a p\u0159isp\u011bt k\u00a0sjednocen\u00ed parametr\u016f v\u00fdrobku uv\u00e1d\u011bn\u00fdch na trh \u010cesk\u00e9 a Slovensk\u00e9 republice.\u00a0\u00a0 T\u00edmto dal\u0161\u00edm v\u00fdrobkem se stal kabel JYTY, kter\u00fd je ur\u010den pro spojen\u00ed sign\u00e1ln\u00edch a ovl\u00e1dac\u00edch &hellip; <a href=\"https:\/\/www.vyrobcikabelu.cz\/sk\/kabely-jyty-v-csn-norme\/\">Pokra\u010dova\u0165<\/a><\/p>\n","protected":false},"author":6,"featured_media":2431,"comment_status":"closed","ping_status":"open","sticky":false,"template":"","format":"standard","meta":{"footnotes":""},"categories":[21],"tags":[],"acf":[],"yoast_head":"<!-- This site is optimized with the Yoast SEO plugin v21.8 - https:\/\/yoast.com\/wordpress\/plugins\/seo\/ -->\n<title>Kabely JYTY v \u010cSN norm\u011b - AVK<\/title>\n<meta name=\"description\" content=\"Nov\u00fdm standardizovan\u00fdm v\u00fdrobkem se stal kabel JYTY, kter\u00fd je ur\u010den pro spojen\u00ed sign\u00e1ln\u00edch a ovl\u00e1dac\u00edch p\u0159\u00edstroj\u016f a za\u0159\u00edzen\u00ed.\" \/>\n<meta name=\"robots\" content=\"index, follow, max-snippet:-1, max-image-preview:large, max-video-preview:-1\" \/>\n<link rel=\"canonical\" href=\"https:\/\/www.vyrobcikabelu.cz\/sk\/kabely-jyty-v-csn-norme\/\" \/>\n<meta property=\"og:locale\" content=\"sk_SK\" \/>\n<meta property=\"og:type\" content=\"article\" \/>\n<meta property=\"og:title\" content=\"Kabely JYTY v \u010cSN norm\u011b - AVK\" \/>\n<meta property=\"og:description\" content=\"Nov\u00fdm standardizovan\u00fdm v\u00fdrobkem se stal kabel JYTY, kter\u00fd je ur\u010den pro spojen\u00ed sign\u00e1ln\u00edch a ovl\u00e1dac\u00edch p\u0159\u00edstroj\u016f a za\u0159\u00edzen\u00ed.\" \/>\n<meta property=\"og:url\" content=\"https:\/\/www.vyrobcikabelu.cz\/sk\/kabely-jyty-v-csn-norme\/\" \/>\n<meta property=\"og:site_name\" content=\"AVK\" \/>\n<meta property=\"article:published_time\" content=\"2024-07-26T12:32:52+00:00\" \/>\n<meta property=\"article:modified_time\" content=\"2024-07-26T12:36:13+00:00\" \/>\n<meta property=\"og:image\" content=\"https:\/\/www.vyrobcikabelu.cz\/wp-content\/uploads\/2018\/04\/MS16179_1A.jpg\" \/>\n\t<meta property=\"og:image:width\" content=\"1000\" \/>\n\t<meta property=\"og:image:height\" content=\"665\" \/>\n\t<meta property=\"og:image:type\" content=\"image\/jpeg\" \/>\n<meta name=\"author\" content=\"Josef Rime\u0161\" \/>\n<meta name=\"twitter:card\" content=\"summary_large_image\" \/>\n<meta name=\"twitter:label1\" content=\"Autor\" \/>\n\t<meta name=\"twitter:data1\" content=\"Josef Rime\u0161\" \/>\n\t<meta name=\"twitter:label2\" content=\"Predpokladan\u00fd \u010das \u010d\u00edtania\" \/>\n\t<meta name=\"twitter:data2\" content=\"2 min\u00faty\" \/>\n<script type=\"application\/ld+json\" class=\"yoast-schema-graph\">{\"@context\":\"https:\/\/schema.org\",\"@graph\":[{\"@type\":\"WebPage\",\"@id\":\"https:\/\/www.vyrobcikabelu.cz\/sk\/kabely-jyty-v-csn-norme\/\",\"url\":\"https:\/\/www.vyrobcikabelu.cz\/sk\/kabely-jyty-v-csn-norme\/\",\"name\":\"Kabely JYTY v \u010cSN norm\u011b - AVK\",\"isPartOf\":{\"@id\":\"https:\/\/www.vyrobcikabelu.cz\/sk\/#website\"},\"datePublished\":\"2024-07-26T12:32:52+00:00\",\"dateModified\":\"2024-07-26T12:36:13+00:00\",\"author\":{\"@id\":\"https:\/\/www.vyrobcikabelu.cz\/sk\/#\/schema\/person\/66481c14855e86d795279cb5994025d3\"},\"description\":\"Nov\u00fdm standardizovan\u00fdm v\u00fdrobkem se stal kabel JYTY, kter\u00fd je ur\u010den pro spojen\u00ed sign\u00e1ln\u00edch a ovl\u00e1dac\u00edch p\u0159\u00edstroj\u016f a za\u0159\u00edzen\u00ed.\",\"breadcrumb\":{\"@id\":\"https:\/\/www.vyrobcikabelu.cz\/sk\/kabely-jyty-v-csn-norme\/#breadcrumb\"},\"inLanguage\":\"sk-SK\",\"potentialAction\":[{\"@type\":\"ReadAction\",\"target\":[\"https:\/\/www.vyrobcikabelu.cz\/sk\/kabely-jyty-v-csn-norme\/\"]}]},{\"@type\":\"BreadcrumbList\",\"@id\":\"https:\/\/www.vyrobcikabelu.cz\/sk\/kabely-jyty-v-csn-norme\/#breadcrumb\",\"itemListElement\":[{\"@type\":\"ListItem\",\"position\":1,\"name\":\"Dom\u016f\",\"item\":\"https:\/\/www.vyrobcikabelu.cz\/sk\/\"},{\"@type\":\"ListItem\",\"position\":2,\"name\":\"Kabely JYTY v \u010cSN norm\u011b\"}]},{\"@type\":\"WebSite\",\"@id\":\"https:\/\/www.vyrobcikabelu.cz\/sk\/#website\",\"url\":\"https:\/\/www.vyrobcikabelu.cz\/sk\/\",\"name\":\"AVK\",\"description\":\"Dal\u0161\u00ed web pou\u017e\u00edvaj\u00edc\u00ed WordPress\",\"potentialAction\":[{\"@type\":\"SearchAction\",\"target\":{\"@type\":\"EntryPoint\",\"urlTemplate\":\"https:\/\/www.vyrobcikabelu.cz\/sk\/?s={search_term_string}\"},\"query-input\":\"required name=search_term_string\"}],\"inLanguage\":\"sk-SK\"},{\"@type\":\"Person\",\"@id\":\"https:\/\/www.vyrobcikabelu.cz\/sk\/#\/schema\/person\/66481c14855e86d795279cb5994025d3\",\"name\":\"Josef Rime\u0161\",\"image\":{\"@type\":\"ImageObject\",\"inLanguage\":\"sk-SK\",\"@id\":\"https:\/\/www.vyrobcikabelu.cz\/sk\/#\/schema\/person\/image\/\",\"url\":\"https:\/\/secure.gravatar.com\/avatar\/91e8dc1c474bdcb6c5e2cf5b48149be4?s=96&d=mm&r=g\",\"contentUrl\":\"https:\/\/secure.gravatar.com\/avatar\/91e8dc1c474bdcb6c5e2cf5b48149be4?s=96&d=mm&r=g\",\"caption\":\"Josef Rime\u0161\"},\"url\":\"https:\/\/www.vyrobcikabelu.cz\/sk\/author\/rimes\/\"}]}<\/script>\n<!-- \/ Yoast SEO plugin. -->","yoast_head_json":{"title":"Kabely JYTY v \u010cSN norm\u011b - AVK","description":"Nov\u00fdm standardizovan\u00fdm v\u00fdrobkem se stal kabel JYTY, kter\u00fd je ur\u010den pro spojen\u00ed sign\u00e1ln\u00edch a ovl\u00e1dac\u00edch p\u0159\u00edstroj\u016f a za\u0159\u00edzen\u00ed.","robots":{"index":"index","follow":"follow","max-snippet":"max-snippet:-1","max-image-preview":"max-image-preview:large","max-video-preview":"max-video-preview:-1"},"canonical":"https:\/\/www.vyrobcikabelu.cz\/sk\/kabely-jyty-v-csn-norme\/","og_locale":"sk_SK","og_type":"article","og_title":"Kabely JYTY v \u010cSN norm\u011b - AVK","og_description":"Nov\u00fdm standardizovan\u00fdm v\u00fdrobkem se stal kabel JYTY, kter\u00fd je ur\u010den pro spojen\u00ed sign\u00e1ln\u00edch a ovl\u00e1dac\u00edch p\u0159\u00edstroj\u016f a za\u0159\u00edzen\u00ed.","og_url":"https:\/\/www.vyrobcikabelu.cz\/sk\/kabely-jyty-v-csn-norme\/","og_site_name":"AVK","article_published_time":"2024-07-26T12:32:52+00:00","article_modified_time":"2024-07-26T12:36:13+00:00","og_image":[{"width":1000,"height":665,"url":"https:\/\/www.vyrobcikabelu.cz\/wp-content\/uploads\/2018\/04\/MS16179_1A.jpg","type":"image\/jpeg"}],"author":"Josef Rime\u0161","twitter_card":"summary_large_image","twitter_misc":{"Autor":"Josef Rime\u0161","Predpokladan\u00fd \u010das \u010d\u00edtania":"2 min\u00faty"},"schema":{"@context":"https:\/\/schema.org","@graph":[{"@type":"WebPage","@id":"https:\/\/www.vyrobcikabelu.cz\/sk\/kabely-jyty-v-csn-norme\/","url":"https:\/\/www.vyrobcikabelu.cz\/sk\/kabely-jyty-v-csn-norme\/","name":"Kabely JYTY v \u010cSN norm\u011b - AVK","isPartOf":{"@id":"https:\/\/www.vyrobcikabelu.cz\/sk\/#website"},"datePublished":"2024-07-26T12:32:52+00:00","dateModified":"2024-07-26T12:36:13+00:00","author":{"@id":"https:\/\/www.vyrobcikabelu.cz\/sk\/#\/schema\/person\/66481c14855e86d795279cb5994025d3"},"description":"Nov\u00fdm standardizovan\u00fdm v\u00fdrobkem se stal kabel JYTY, kter\u00fd je ur\u010den pro spojen\u00ed sign\u00e1ln\u00edch a ovl\u00e1dac\u00edch p\u0159\u00edstroj\u016f a za\u0159\u00edzen\u00ed.","breadcrumb":{"@id":"https:\/\/www.vyrobcikabelu.cz\/sk\/kabely-jyty-v-csn-norme\/#breadcrumb"},"inLanguage":"sk-SK","potentialAction":[{"@type":"ReadAction","target":["https:\/\/www.vyrobcikabelu.cz\/sk\/kabely-jyty-v-csn-norme\/"]}]},{"@type":"BreadcrumbList","@id":"https:\/\/www.vyrobcikabelu.cz\/sk\/kabely-jyty-v-csn-norme\/#breadcrumb","itemListElement":[{"@type":"ListItem","position":1,"name":"Dom\u016f","item":"https:\/\/www.vyrobcikabelu.cz\/sk\/"},{"@type":"ListItem","position":2,"name":"Kabely JYTY v \u010cSN norm\u011b"}]},{"@type":"WebSite","@id":"https:\/\/www.vyrobcikabelu.cz\/sk\/#website","url":"https:\/\/www.vyrobcikabelu.cz\/sk\/","name":"AVK","description":"Dal\u0161\u00ed web pou\u017e\u00edvaj\u00edc\u00ed WordPress","potentialAction":[{"@type":"SearchAction","target":{"@type":"EntryPoint","urlTemplate":"https:\/\/www.vyrobcikabelu.cz\/sk\/?s={search_term_string}"},"query-input":"required name=search_term_string"}],"inLanguage":"sk-SK"},{"@type":"Person","@id":"https:\/\/www.vyrobcikabelu.cz\/sk\/#\/schema\/person\/66481c14855e86d795279cb5994025d3","name":"Josef Rime\u0161","image":{"@type":"ImageObject","inLanguage":"sk-SK","@id":"https:\/\/www.vyrobcikabelu.cz\/sk\/#\/schema\/person\/image\/","url":"https:\/\/secure.gravatar.com\/avatar\/91e8dc1c474bdcb6c5e2cf5b48149be4?s=96&d=mm&r=g","contentUrl":"https:\/\/secure.gravatar.com\/avatar\/91e8dc1c474bdcb6c5e2cf5b48149be4?s=96&d=mm&r=g","caption":"Josef Rime\u0161"},"url":"https:\/\/www.vyrobcikabelu.cz\/sk\/author\/rimes\/"}]}},"_links":{"self":[{"href":"https:\/\/www.vyrobcikabelu.cz\/sk\/wp-json\/wp\/v2\/posts\/6393"}],"collection":[{"href":"https:\/\/www.vyrobcikabelu.cz\/sk\/wp-json\/wp\/v2\/posts"}],"about":[{"href":"https:\/\/www.vyrobcikabelu.cz\/sk\/wp-json\/wp\/v2\/types\/post"}],"author":[{"embeddable":true,"href":"https:\/\/www.vyrobcikabelu.cz\/sk\/wp-json\/wp\/v2\/users\/6"}],"replies":[{"embeddable":true,"href":"https:\/\/www.vyrobcikabelu.cz\/sk\/wp-json\/wp\/v2\/comments?post=6393"}],"version-history":[{"count":1,"href":"https:\/\/www.vyrobcikabelu.cz\/sk\/wp-json\/wp\/v2\/posts\/6393\/revisions"}],"predecessor-version":[{"id":6394,"href":"https:\/\/www.vyrobcikabelu.cz\/sk\/wp-json\/wp\/v2\/posts\/6393\/revisions\/6394"}],"wp:featuredmedia":[{"embeddable":true,"href":"https:\/\/www.vyrobcikabelu.cz\/sk\/wp-json\/wp\/v2\/media\/2431"}],"wp:attachment":[{"href":"https:\/\/www.vyrobcikabelu.cz\/sk\/wp-json\/wp\/v2\/media?parent=6393"}],"wp:term":[{"taxonomy":"category","embeddable":true,"href":"https:\/\/www.vyrobcikabelu.cz\/sk\/wp-json\/wp\/v2\/categories?post=6393"},{"taxonomy":"post_tag","embeddable":true,"href":"https:\/\/www.vyrobcikabelu.cz\/sk\/wp-json\/wp\/v2\/tags?post=6393"}],"curies":[{"name":"wp","href":"https:\/\/api.w.org\/{rel}","templated":true}]}}